{"id":586,"date":"2023-05-22T10:39:14","date_gmt":"2023-05-22T08:39:14","guid":{"rendered":"https:\/\/www.arcidiocesitrani.it\/aggregazionilaicali\/barletta-lazione-cattolica-diocesana-in-pellegrinaggio-alla-madonna-dello-sterpeto\/"},"modified":"2023-05-24T08:31:28","modified_gmt":"2023-05-24T06:31:28","slug":"barletta-lazione-cattolica-diocesana-in-pellegrinaggio-alla-madonna-dello-sterpeto","status":"publish","type":"post","link":"https:\/\/www.arcidiocesitrani.it\/aggregazionilaicali\/barletta-lazione-cattolica-diocesana-in-pellegrinaggio-alla-madonna-dello-sterpeto\/","title":{"rendered":"BARLETTA. L\u2019AZIONE CATTOLICA DIOCESANA IN PELLEGRINAGGIO ALLA MADONNA DELLO STERPETO"},"content":{"rendered":"<span class=\"synved-social-container synved-social-container-share\"><a class=\"synved-social-button synved-social-button-share synved-social-size-16 synved-social-resolution-single synved-social-provider-facebook nolightbox\" data-provider=\"facebook\" target=\"_blank\" rel=\"nofollow\" title=\"Share on Facebook\" href=\"https:\/\/www.facebook.com\/sharer.php?u=https%3A%2F%2Fwww.arcidiocesitrani.it%2Faggregazionilaicali%2Fwp-json%2Fwp%2Fv2%2Fposts%2F586&#038;t=BARLETTA.%20L%E2%80%99AZIONE%20CATTOLICA%20DIOCESANA%20IN%20PELLEGRINAGGIO%20ALLA%20MADONNA%20DELLO%20STERPETO&#038;s=100&#038;p&#091;url&#093;=https%3A%2F%2Fwww.arcidiocesitrani.it%2Faggregazionilaicali%2Fwp-json%2Fwp%2Fv2%2Fposts%2F586&#038;p&#091;images&#093;&#091;0&#093;=https%3A%2F%2Fwww.arcidiocesitrani.it%2Faggregazionilaicali%2Fwp-content%2Fuploads%2Fsites%2F25%2F2023%2F05%2FPellegrinaggio-AC.jpeg&#038;p&#091;title&#093;=BARLETTA.%20L%E2%80%99AZIONE%20CATTOLICA%20DIOCESANA%20IN%20PELLEGRINAGGIO%20ALLA%20MADONNA%20DELLO%20STERPETO\" style=\"font-size: 0px;width:16px;height:16px;margin:0;margin-bottom:5px;margin-right:5px\"><img loading=\"lazy\" decoding=\"async\" alt=\"Facebook\" title=\"Share on Facebook\" class=\"synved-share-image synved-social-image synved-social-image-share\" width=\"16\" height=\"16\" style=\"display: inline;width:16px;height:16px;margin: 0;padding: 0;border: none;box-shadow: none\" src=\"https:\/\/www.arcidiocesitrani.it\/aggregazionilaicali\/wp-content\/plugins\/social-media-feather\/synved-social\/image\/social\/regular\/32x32\/facebook.png\" \/><\/a><a class=\"synved-social-button synved-social-button-share synved-social-size-16 synved-social-resolution-single synved-social-provider-twitter nolightbox\" data-provider=\"twitter\" target=\"_blank\" rel=\"nofollow\" title=\"Share on Twitter\" href=\"https:\/\/twitter.com\/intent\/tweet?url=https%3A%2F%2Fwww.arcidiocesitrani.it%2Faggregazionilaicali%2Fwp-json%2Fwp%2Fv2%2Fposts%2F586&#038;text=Hey%20check%20this%20out\" style=\"font-size: 0px;width:16px;height:16px;margin:0;margin-bottom:5px;margin-right:5px\"><img loading=\"lazy\" decoding=\"async\" alt=\"twitter\" title=\"Share on Twitter\" class=\"synved-share-image synved-social-image synved-social-image-share\" width=\"16\" height=\"16\" style=\"display: inline;width:16px;height:16px;margin: 0;padding: 0;border: none;box-shadow: none\" src=\"https:\/\/www.arcidiocesitrani.it\/aggregazionilaicali\/wp-content\/plugins\/social-media-feather\/synved-social\/image\/social\/regular\/32x32\/twitter.png\" \/><\/a><a class=\"synved-social-button synved-social-button-share synved-social-size-16 synved-social-resolution-single synved-social-provider-reddit nolightbox\" data-provider=\"reddit\" target=\"_blank\" rel=\"nofollow\" title=\"Share on Reddit\" href=\"https:\/\/www.reddit.com\/submit?url=https%3A%2F%2Fwww.arcidiocesitrani.it%2Faggregazionilaicali%2Fwp-json%2Fwp%2Fv2%2Fposts%2F586&#038;title=BARLETTA.%20L%E2%80%99AZIONE%20CATTOLICA%20DIOCESANA%20IN%20PELLEGRINAGGIO%20ALLA%20MADONNA%20DELLO%20STERPETO\" style=\"font-size: 0px;width:16px;height:16px;margin:0;margin-bottom:5px;margin-right:5px\"><img loading=\"lazy\" decoding=\"async\" alt=\"reddit\" title=\"Share on Reddit\" class=\"synved-share-image synved-social-image synved-social-image-share\" width=\"16\" height=\"16\" style=\"display: inline;width:16px;height:16px;margin: 0;padding: 0;border: none;box-shadow: none\" src=\"https:\/\/www.arcidiocesitrani.it\/aggregazionilaicali\/wp-content\/plugins\/social-media-feather\/synved-social\/image\/social\/regular\/32x32\/reddit.png\" \/><\/a><a class=\"synved-social-button synved-social-button-share synved-social-size-16 synved-social-resolution-single synved-social-provider-pinterest nolightbox\" data-provider=\"pinterest\" target=\"_blank\" rel=\"nofollow\" title=\"Pin it with Pinterest\" href=\"https:\/\/pinterest.com\/pin\/create\/button\/?url=https%3A%2F%2Fwww.arcidiocesitrani.it%2Faggregazionilaicali%2Fwp-json%2Fwp%2Fv2%2Fposts%2F586&#038;media=https%3A%2F%2Fwww.arcidiocesitrani.it%2Faggregazionilaicali%2Fwp-content%2Fuploads%2Fsites%2F25%2F2023%2F05%2FPellegrinaggio-AC.jpeg&#038;description=BARLETTA.%20L%E2%80%99AZIONE%20CATTOLICA%20DIOCESANA%20IN%20PELLEGRINAGGIO%20ALLA%20MADONNA%20DELLO%20STERPETO\" style=\"font-size: 0px;width:16px;height:16px;margin:0;margin-bottom:5px;margin-right:5px\"><img loading=\"lazy\" decoding=\"async\" alt=\"pinterest\" title=\"Pin it with Pinterest\" class=\"synved-share-image synved-social-image synved-social-image-share\" width=\"16\" height=\"16\" style=\"display: inline;width:16px;height:16px;margin: 0;padding: 0;border: none;box-shadow: none\" src=\"https:\/\/www.arcidiocesitrani.it\/aggregazionilaicali\/wp-content\/plugins\/social-media-feather\/synved-social\/image\/social\/regular\/32x32\/pinterest.png\" \/><\/a><a class=\"synved-social-button synved-social-button-share synved-social-size-16 synved-social-resolution-single synved-social-provider-linkedin nolightbox\" data-provider=\"linkedin\" target=\"_blank\" rel=\"nofollow\" title=\"Share on Linkedin\" href=\"https:\/\/www.linkedin.com\/shareArticle?mini=true&#038;url=https%3A%2F%2Fwww.arcidiocesitrani.it%2Faggregazionilaicali%2Fwp-json%2Fwp%2Fv2%2Fposts%2F586&#038;title=BARLETTA.%20L%E2%80%99AZIONE%20CATTOLICA%20DIOCESANA%20IN%20PELLEGRINAGGIO%20ALLA%20MADONNA%20DELLO%20STERPETO\" style=\"font-size: 0px;width:16px;height:16px;margin:0;margin-bottom:5px;margin-right:5px\"><img loading=\"lazy\" decoding=\"async\" alt=\"linkedin\" title=\"Share on Linkedin\" class=\"synved-share-image synved-social-image synved-social-image-share\" width=\"16\" height=\"16\" style=\"display: inline;width:16px;height:16px;margin: 0;padding: 0;border: none;box-shadow: none\" src=\"https:\/\/www.arcidiocesitrani.it\/aggregazionilaicali\/wp-content\/plugins\/social-media-feather\/synved-social\/image\/social\/regular\/32x32\/linkedin.png\" \/><\/a><a class=\"synved-social-button synved-social-button-share synved-social-size-16 synved-social-resolution-single synved-social-provider-mail nolightbox\" data-provider=\"mail\" rel=\"nofollow\" title=\"Share by email\" href=\"mailto:?subject=BARLETTA.%20L%E2%80%99AZIONE%20CATTOLICA%20DIOCESANA%20IN%20PELLEGRINAGGIO%20ALLA%20MADONNA%20DELLO%20STERPETO&#038;body=Hey%20check%20this%20out:%20https%3A%2F%2Fwww.arcidiocesitrani.it%2Faggregazionilaicali%2Fwp-json%2Fwp%2Fv2%2Fposts%2F586\" style=\"font-size: 0px;width:16px;height:16px;margin:0;margin-bottom:5px\"><img loading=\"lazy\" decoding=\"async\" alt=\"mail\" title=\"Share by email\" class=\"synved-share-image synved-social-image synved-social-image-share\" width=\"16\" height=\"16\" style=\"display: inline;width:16px;height:16px;margin: 0;padding: 0;border: none;box-shadow: none\" src=\"https:\/\/www.arcidiocesitrani.it\/aggregazionilaicali\/wp-content\/plugins\/social-media-feather\/synved-social\/image\/social\/regular\/32x32\/mail.png\" \/><\/a><\/span><p><strong>BARLETTA. L\u2019AZIONE CATTOLICA DIOCESANA IN PELLEGRINAGGIO ALLA MADONNA DELLO STERPETO<\/strong><\/p>\n<p>Domenica 28 maggio 2023., a Barletta, presso la Basilica di Santa Maria Maggiore, alle ore 19.00, \u00a0il Settore Adulti dell\u2019AC diocesana animer\u00e0 la celebrazione eucaristica che sar\u00e0 presieduta da don Gaetano Corvasce, Assistente Unitario dell\u2019AC diocesana.<\/p>\n<p>\u00abIl mese di maggio \u2013 scrivono in una comunicazione don Gaetano Corvasce, assistente unitario dell\u2019associazione, Francesco Mastrogiacomo, presidente diocesano, Maria Lanotte e Gianfranco Cuna, vice presidenti, assieme all\u2019equipe diocesana del Settore Adulti &#8211; \u00a0\u00e8 consacrato dalla piet\u00e0 dei fedeli a Maria Ss.ma che nella citt\u00e0 di Barletta \u00e8 venerata con il titolo di Madonna dello Sterpeto.\u00a0 \u00c8 un tempo importante e fruttuoso per il cammino di fede di ciascun battezzato che avanza verso Ges\u00f9 accompagnato dalla Mamma Celeste. \u00a0Per questo motivo, il Settore Adulti invita tutti a partecipare alla messa\/pellegrinaggio per godere dei frutti spirituali di questo particolare momento di grazia e per manifestare il proprio amore alla Regina del Cielo.<\/p>\n<p>A Lei ciascuno potr\u00e0 presentare le ansie, le preoccupazioni e i bisogni personali e per il mondo intero ma anche le gioie e le aspirazioni virtuose del cuore. Maria, madre buona e mediatrice di ogni grazia, le presenter\u00e0 a Ges\u00f9.<\/p>\n<p>La speranza del Settore Adulti \u00e8 quella di vedere accorrere numerosi fedeli a questo momento della vita comunitaria che ci fa un cuore solo e un\u2019anima sola (At 4,32).<\/p>\n<p>A tutti un fraterno saluto\u00bb.<\/p>\n<p>&nbsp;<\/p>\n","protected":false},"excerpt":{"rendered":"<p>BARLETTA. L\u2019AZIONE CATTOLICA DIOCESANA IN PELLEGRINAGGIO ALLA MADONNA DELLO STERPETO Domenica 28 maggio 2023., a Barletta, presso la Basilica di Santa Maria Maggiore, alle ore 19.00, \u00a0il Settore Adulti dell\u2019AC diocesana animer\u00e0 la celebrazione eucaristica che sar\u00e0 presieduta da don Gaetano Corvasce, Assistente Unitario dell\u2019AC diocesana. \u00abIl mese di maggio \u2013 scrivono in una comunicazione don Gaetano Corvasce, assistente unitario dell\u2019associazione, Francesco Mastrogiacomo, presidente diocesano, &hellip; <a href=\"https:\/\/www.arcidiocesitrani.it\/aggregazionilaicali\/barletta-lazione-cattolica-diocesana-in-pellegrinaggio-alla-madonna-dello-sterpeto\/\" class=\"more-link\">Continua a leggere <span class=\"screen-reader-text\"><\/span> <span class=\"meta-nav\">&raquo;<\/span><\/a><\/p>\n","protected":false},"author":10,"featured_media":587,"comment_status":"closed","ping_status":"closed","sticky":false,"template":"","format":"standard","meta":{"_acf_changed":false,"ip_address":"","user_agent":"","level":"","revision":"","cookie_id":"","page_referer":"","html_form":"","footnotes":""},"categories":[1],"tags":[],"acf":[],"_links":{"self":[{"href":"https:\/\/www.arcidiocesitrani.it\/aggregazionilaicali\/wp-json\/wp\/v2\/posts\/586"}],"collection":[{"href":"https:\/\/www.arcidiocesitrani.it\/aggregazionilaicali\/wp-json\/wp\/v2\/posts"}],"about":[{"href":"https:\/\/www.arcidiocesitrani.it\/aggregazionilaicali\/wp-json\/wp\/v2\/types\/post"}],"author":[{"embeddable":true,"href":"https:\/\/www.arcidiocesitrani.it\/aggregazionilaicali\/wp-json\/wp\/v2\/users\/10"}],"replies":[{"embeddable":true,"href":"https:\/\/www.arcidiocesitrani.it\/aggregazionilaicali\/wp-json\/wp\/v2\/comments?post=586"}],"version-history":[{"count":0,"href":"https:\/\/www.arcidiocesitrani.it\/aggregazionilaicali\/wp-json\/wp\/v2\/posts\/586\/revisions"}],"wp:featuredmedia":[{"embeddable":true,"href":"https:\/\/www.arcidiocesitrani.it\/aggregazionilaicali\/wp-json\/wp\/v2\/media\/587"}],"wp:attachment":[{"href":"https:\/\/www.arcidiocesitrani.it\/aggregazionilaicali\/wp-json\/wp\/v2\/media?parent=586"}],"wp:term":[{"taxonomy":"category","embeddable":true,"href":"https:\/\/www.arcidiocesitrani.it\/aggregazionilaicali\/wp-json\/wp\/v2\/categories?post=586"},{"taxonomy":"post_tag","embeddable":true,"href":"https:\/\/www.arcidiocesitrani.it\/aggregazionilaicali\/wp-json\/wp\/v2\/tags?post=586"}],"curies":[{"name":"wp","href":"https:\/\/api.w.org\/{rel}","templated":true}]}}