{"id":647,"date":"2024-02-12T17:17:50","date_gmt":"2024-02-12T16:17:50","guid":{"rendered":"https:\/\/www.arcidiocesitrani.it\/aggregazionilaicali\/xii-assemblea-diocesana-elettiva-dellazione-cattolica-diocesana\/"},"modified":"2024-02-19T11:03:39","modified_gmt":"2024-02-19T10:03:39","slug":"xii-assemblea-diocesana-elettiva-dellazione-cattolica-diocesana","status":"publish","type":"post","link":"https:\/\/www.arcidiocesitrani.it\/aggregazionilaicali\/xii-assemblea-diocesana-elettiva-dellazione-cattolica-diocesana\/","title":{"rendered":"XII ASSEMBLEA DIOCESANA ELETTIVA DELL\u2019AZIONE CATTOLICA DIOCESANA"},"content":{"rendered":"<span class=\"synved-social-container synved-social-container-share\"><a class=\"synved-social-button synved-social-button-share synved-social-size-16 synved-social-resolution-single synved-social-provider-facebook nolightbox\" data-provider=\"facebook\" target=\"_blank\" rel=\"nofollow\" title=\"Share on Facebook\" href=\"https:\/\/www.facebook.com\/sharer.php?u=https%3A%2F%2Fwww.arcidiocesitrani.it%2Faggregazionilaicali%2Fwp-json%2Fwp%2Fv2%2Fposts%2F647&#038;t=XII%20ASSEMBLEA%20DIOCESANA%20ELETTIVA%20DELL%E2%80%99AZIONE%20CATTOLICA%20DIOCESANA&#038;s=100&#038;p&#091;url&#093;=https%3A%2F%2Fwww.arcidiocesitrani.it%2Faggregazionilaicali%2Fwp-json%2Fwp%2Fv2%2Fposts%2F647&#038;p&#091;images&#093;&#091;0&#093;=https%3A%2F%2Fwww.arcidiocesitrani.it%2Faggregazionilaicali%2Fwp-content%2Fuploads%2Fsites%2F25%2F2024%2F02%2FAssembela-elettiva-di-AC-Locandina-scaled.jpg&#038;p&#091;title&#093;=XII%20ASSEMBLEA%20DIOCESANA%20ELETTIVA%20DELL%E2%80%99AZIONE%20CATTOLICA%20DIOCESANA\" style=\"font-size: 0px;width:16px;height:16px;margin:0;margin-bottom:5px;margin-right:5px\"><img loading=\"lazy\" decoding=\"async\" alt=\"Facebook\" title=\"Share on Facebook\" class=\"synved-share-image synved-social-image synved-social-image-share\" width=\"16\" height=\"16\" style=\"display: inline;width:16px;height:16px;margin: 0;padding: 0;border: none;box-shadow: none\" src=\"https:\/\/www.arcidiocesitrani.it\/aggregazionilaicali\/wp-content\/plugins\/social-media-feather\/synved-social\/image\/social\/regular\/32x32\/facebook.png\" \/><\/a><a class=\"synved-social-button synved-social-button-share synved-social-size-16 synved-social-resolution-single synved-social-provider-twitter nolightbox\" data-provider=\"twitter\" target=\"_blank\" rel=\"nofollow\" title=\"Share on Twitter\" href=\"https:\/\/twitter.com\/intent\/tweet?url=https%3A%2F%2Fwww.arcidiocesitrani.it%2Faggregazionilaicali%2Fwp-json%2Fwp%2Fv2%2Fposts%2F647&#038;text=Hey%20check%20this%20out\" style=\"font-size: 0px;width:16px;height:16px;margin:0;margin-bottom:5px;margin-right:5px\"><img loading=\"lazy\" decoding=\"async\" alt=\"twitter\" title=\"Share on Twitter\" class=\"synved-share-image synved-social-image synved-social-image-share\" width=\"16\" height=\"16\" style=\"display: inline;width:16px;height:16px;margin: 0;padding: 0;border: none;box-shadow: none\" src=\"https:\/\/www.arcidiocesitrani.it\/aggregazionilaicali\/wp-content\/plugins\/social-media-feather\/synved-social\/image\/social\/regular\/32x32\/twitter.png\" \/><\/a><a class=\"synved-social-button synved-social-button-share synved-social-size-16 synved-social-resolution-single synved-social-provider-reddit nolightbox\" data-provider=\"reddit\" target=\"_blank\" rel=\"nofollow\" title=\"Share on Reddit\" href=\"https:\/\/www.reddit.com\/submit?url=https%3A%2F%2Fwww.arcidiocesitrani.it%2Faggregazionilaicali%2Fwp-json%2Fwp%2Fv2%2Fposts%2F647&#038;title=XII%20ASSEMBLEA%20DIOCESANA%20ELETTIVA%20DELL%E2%80%99AZIONE%20CATTOLICA%20DIOCESANA\" style=\"font-size: 0px;width:16px;height:16px;margin:0;margin-bottom:5px;margin-right:5px\"><img loading=\"lazy\" decoding=\"async\" alt=\"reddit\" title=\"Share on Reddit\" class=\"synved-share-image synved-social-image synved-social-image-share\" width=\"16\" height=\"16\" style=\"display: inline;width:16px;height:16px;margin: 0;padding: 0;border: none;box-shadow: none\" src=\"https:\/\/www.arcidiocesitrani.it\/aggregazionilaicali\/wp-content\/plugins\/social-media-feather\/synved-social\/image\/social\/regular\/32x32\/reddit.png\" \/><\/a><a class=\"synved-social-button synved-social-button-share synved-social-size-16 synved-social-resolution-single synved-social-provider-pinterest nolightbox\" data-provider=\"pinterest\" target=\"_blank\" rel=\"nofollow\" title=\"Pin it with Pinterest\" href=\"https:\/\/pinterest.com\/pin\/create\/button\/?url=https%3A%2F%2Fwww.arcidiocesitrani.it%2Faggregazionilaicali%2Fwp-json%2Fwp%2Fv2%2Fposts%2F647&#038;media=https%3A%2F%2Fwww.arcidiocesitrani.it%2Faggregazionilaicali%2Fwp-content%2Fuploads%2Fsites%2F25%2F2024%2F02%2FAssembela-elettiva-di-AC-Locandina-scaled.jpg&#038;description=XII%20ASSEMBLEA%20DIOCESANA%20ELETTIVA%20DELL%E2%80%99AZIONE%20CATTOLICA%20DIOCESANA\" style=\"font-size: 0px;width:16px;height:16px;margin:0;margin-bottom:5px;margin-right:5px\"><img loading=\"lazy\" decoding=\"async\" alt=\"pinterest\" title=\"Pin it with Pinterest\" class=\"synved-share-image synved-social-image synved-social-image-share\" width=\"16\" height=\"16\" style=\"display: inline;width:16px;height:16px;margin: 0;padding: 0;border: none;box-shadow: none\" src=\"https:\/\/www.arcidiocesitrani.it\/aggregazionilaicali\/wp-content\/plugins\/social-media-feather\/synved-social\/image\/social\/regular\/32x32\/pinterest.png\" \/><\/a><a class=\"synved-social-button synved-social-button-share synved-social-size-16 synved-social-resolution-single synved-social-provider-linkedin nolightbox\" data-provider=\"linkedin\" target=\"_blank\" rel=\"nofollow\" title=\"Share on Linkedin\" href=\"https:\/\/www.linkedin.com\/shareArticle?mini=true&#038;url=https%3A%2F%2Fwww.arcidiocesitrani.it%2Faggregazionilaicali%2Fwp-json%2Fwp%2Fv2%2Fposts%2F647&#038;title=XII%20ASSEMBLEA%20DIOCESANA%20ELETTIVA%20DELL%E2%80%99AZIONE%20CATTOLICA%20DIOCESANA\" style=\"font-size: 0px;width:16px;height:16px;margin:0;margin-bottom:5px;margin-right:5px\"><img loading=\"lazy\" decoding=\"async\" alt=\"linkedin\" title=\"Share on Linkedin\" class=\"synved-share-image synved-social-image synved-social-image-share\" width=\"16\" height=\"16\" style=\"display: inline;width:16px;height:16px;margin: 0;padding: 0;border: none;box-shadow: none\" src=\"https:\/\/www.arcidiocesitrani.it\/aggregazionilaicali\/wp-content\/plugins\/social-media-feather\/synved-social\/image\/social\/regular\/32x32\/linkedin.png\" \/><\/a><a class=\"synved-social-button synved-social-button-share synved-social-size-16 synved-social-resolution-single synved-social-provider-mail nolightbox\" data-provider=\"mail\" rel=\"nofollow\" title=\"Share by email\" href=\"mailto:?subject=XII%20ASSEMBLEA%20DIOCESANA%20ELETTIVA%20DELL%E2%80%99AZIONE%20CATTOLICA%20DIOCESANA&#038;body=Hey%20check%20this%20out:%20https%3A%2F%2Fwww.arcidiocesitrani.it%2Faggregazionilaicali%2Fwp-json%2Fwp%2Fv2%2Fposts%2F647\" style=\"font-size: 0px;width:16px;height:16px;margin:0;margin-bottom:5px\"><img loading=\"lazy\" decoding=\"async\" alt=\"mail\" title=\"Share by email\" class=\"synved-share-image synved-social-image synved-social-image-share\" width=\"16\" height=\"16\" style=\"display: inline;width:16px;height:16px;margin: 0;padding: 0;border: none;box-shadow: none\" src=\"https:\/\/www.arcidiocesitrani.it\/aggregazionilaicali\/wp-content\/plugins\/social-media-feather\/synved-social\/image\/social\/regular\/32x32\/mail.png\" \/><\/a><\/span><p><iframe loading=\"lazy\" title=\"Introduzione all&#039;assemblea elettiva dell&#039;Azione Cattolica diocesana 17 febbraio 2024\" width=\"800\" height=\"600\" src=\"https:\/\/www.youtube.com\/embed\/yfZ923nOx-k?feature=oembed\" frameborder=\"0\" allow=\"accelerometer; autoplay; clipboard-write; encrypted-media; gyroscope; picture-in-picture; web-share\" allowfullscreen><\/iframe><\/p>\n<p><em>In che mo(n)do viviamo? Ascoltare il battito dei segni dei tempi <\/em>\u00e8 il titolo della XII Assemblea diocesana elettiva che si svolger\u00e0 nei giorni 16 e 17 febbraio p.v. presso la parrocchia San Magno Vescovo e Martire di Trani in via Giuseppe di Vagno 1, e il giorno 18 febbraio p.v. presso la chiesa di Santa Maria del Carmine a Barletta in piazza Marina.<\/p>\n<p>Durante l\u2019Assemblea si riuniranno i delegati dell\u2019Assemblea diocesana, si voter\u00e0 il documento programmatico della vita associativa per il triennio 2024\/2027, e si elegger\u00e0 il nuovo Consiglio diocesano.<\/p>\n<p><em>Testimoni di tutte le cose da Lui compiute<\/em> \u00e8 il titolo della traccia per l\u2019itinerario assembleare 2023\/2024 che porter\u00e0 a celebrare la XVIII Assemblea Nazionale, e che ha ispirato gli argomenti, le domande, la riflessione del documento assembleare che verr\u00e0 discusso, emendato e approvato durante l\u2019Assemblea diocesana.<\/p>\n<p>Venerd\u00ec 16 febbraio l\u2019Assemblea diocesana si aprir\u00e0 con i saluti Francesco Mastrogiacomo, presidente dell\u2019Ac diocesana, e di S.E. mons. Leonardo D\u2019Ascenzo a cui seguir\u00e0 il convegno aperto a tutti, moderato da Giovanni Dibenedetto, giornalista, nel corso del quale interverranno il dott. Vito Alfieri Fontana, ex-fabbricante di armi, oggi seminatore di pace, e Don Vincenzo Di Pilato, professore di teologia fondamentale presso la Facolt\u00e0 Teologica Pugliese.<\/p>\n<p>\u00abLa XII Assemblea diocesana \u2013 si legge ina comunicazione della Presidenza diocesana di Ac &#8211; \u00a0giunge all\u2019interno del cammino sinodale che la Chiesa italiana sta vivendo, perci\u00f2 in questa fase gli aderenti, oltre ad affermare la scelta democratica come esercizio di corresponsabilit\u00e0, si sentono particolarmente chiamati a fare discernimento per la costruzione di un <em>noi sempre pi\u00f9 grande<\/em> e del bene comune\u00bb.<\/p>\n<p>La grazia di questo momento rinnovi lo Spirito di aderenti e simpatizzanti nel mettersi in gioco con i propri talenti nel servizio umile e gratuito alla nostra amata comunit\u00e0 diocesana e a tutta la Chiesa\u00bb.<\/p>\n<p>&nbsp;<\/p>\n<p>&nbsp;<\/p>\n","protected":false},"excerpt":{"rendered":"<p>In che mo(n)do viviamo? Ascoltare il battito dei segni dei tempi \u00e8 il titolo della XII Assemblea diocesana elettiva che si svolger\u00e0 nei giorni 16 e 17 febbraio p.v. presso la parrocchia San Magno Vescovo e Martire di Trani in via Giuseppe di Vagno 1, e il giorno 18 febbraio p.v. presso la chiesa di Santa Maria del Carmine a Barletta in piazza Marina. Durante &hellip; <a href=\"https:\/\/www.arcidiocesitrani.it\/aggregazionilaicali\/xii-assemblea-diocesana-elettiva-dellazione-cattolica-diocesana\/\" class=\"more-link\">Continua a leggere <span class=\"screen-reader-text\"><\/span> <span class=\"meta-nav\">&raquo;<\/span><\/a><\/p>\n","protected":false},"author":10,"featured_media":648,"comment_status":"closed","ping_status":"closed","sticky":false,"template":"","format":"standard","meta":{"_acf_changed":false,"ip_address":"","user_agent":"","level":"","revision":"","cookie_id":"","page_referer":"","html_form":"","footnotes":""},"categories":[8,1],"tags":[],"acf":[],"_links":{"self":[{"href":"https:\/\/www.arcidiocesitrani.it\/aggregazionilaicali\/wp-json\/wp\/v2\/posts\/647"}],"collection":[{"href":"https:\/\/www.arcidiocesitrani.it\/aggregazionilaicali\/wp-json\/wp\/v2\/posts"}],"about":[{"href":"https:\/\/www.arcidiocesitrani.it\/aggregazionilaicali\/wp-json\/wp\/v2\/types\/post"}],"author":[{"embeddable":true,"href":"https:\/\/www.arcidiocesitrani.it\/aggregazionilaicali\/wp-json\/wp\/v2\/users\/10"}],"replies":[{"embeddable":true,"href":"https:\/\/www.arcidiocesitrani.it\/aggregazionilaicali\/wp-json\/wp\/v2\/comments?post=647"}],"version-history":[{"count":3,"href":"https:\/\/www.arcidiocesitrani.it\/aggregazionilaicali\/wp-json\/wp\/v2\/posts\/647\/revisions"}],"predecessor-version":[{"id":665,"href":"https:\/\/www.arcidiocesitrani.it\/aggregazionilaicali\/wp-json\/wp\/v2\/posts\/647\/revisions\/665"}],"wp:featuredmedia":[{"embeddable":true,"href":"https:\/\/www.arcidiocesitrani.it\/aggregazionilaicali\/wp-json\/wp\/v2\/media\/648"}],"wp:attachment":[{"href":"https:\/\/www.arcidiocesitrani.it\/aggregazionilaicali\/wp-json\/wp\/v2\/media?parent=647"}],"wp:term":[{"taxonomy":"category","embeddable":true,"href":"https:\/\/www.arcidiocesitrani.it\/aggregazionilaicali\/wp-json\/wp\/v2\/categories?post=647"},{"taxonomy":"post_tag","embeddable":true,"href":"https:\/\/www.arcidiocesitrani.it\/aggregazionilaicali\/wp-json\/wp\/v2\/tags?post=647"}],"curies":[{"name":"wp","href":"https:\/\/api.w.org\/{rel}","templated":true}]}}