{"id":670,"date":"2024-03-13T18:56:09","date_gmt":"2024-03-13T17:56:09","guid":{"rendered":"https:\/\/www.arcidiocesitrani.it\/aggregazionilaicali\/nominata-la-nuova-presidente-dellazione-cattolica-diocesana\/"},"modified":"2024-03-17T19:40:30","modified_gmt":"2024-03-17T18:40:30","slug":"nominata-la-nuova-presidente-dellazione-cattolica-diocesana","status":"publish","type":"post","link":"https:\/\/www.arcidiocesitrani.it\/aggregazionilaicali\/nominata-la-nuova-presidente-dellazione-cattolica-diocesana\/","title":{"rendered":"NOMINATA LA NUOVA PRESIDENTE  DELL\u2019AZIONE CATTOLICA DIOCESANA"},"content":{"rendered":"<span class=\"synved-social-container synved-social-container-share\"><a class=\"synved-social-button synved-social-button-share synved-social-size-16 synved-social-resolution-single synved-social-provider-facebook nolightbox\" data-provider=\"facebook\" target=\"_blank\" rel=\"nofollow\" title=\"Share on Facebook\" href=\"https:\/\/www.facebook.com\/sharer.php?u=https%3A%2F%2Fwww.arcidiocesitrani.it%2Faggregazionilaicali%2Fwp-json%2Fwp%2Fv2%2Fposts%2F670&#038;t=NOMINATA%20LA%20NUOVA%20PRESIDENTE%20%20DELL%E2%80%99AZIONE%20CATTOLICA%20DIOCESANA&#038;s=100&#038;p&#091;url&#093;=https%3A%2F%2Fwww.arcidiocesitrani.it%2Faggregazionilaicali%2Fwp-json%2Fwp%2Fv2%2Fposts%2F670&#038;p&#091;images&#093;&#091;0&#093;=https%3A%2F%2Fwww.arcidiocesitrani.it%2Faggregazionilaicali%2Fwp-content%2Fuploads%2Fsites%2F25%2F2024%2F03%2FLanotte-Maria.002-e1710352763881.jpg&#038;p&#091;title&#093;=NOMINATA%20LA%20NUOVA%20PRESIDENTE%20%20DELL%E2%80%99AZIONE%20CATTOLICA%20DIOCESANA\" style=\"font-size: 0px;width:16px;height:16px;margin:0;margin-bottom:5px;margin-right:5px\"><img loading=\"lazy\" decoding=\"async\" alt=\"Facebook\" title=\"Share on Facebook\" class=\"synved-share-image synved-social-image synved-social-image-share\" width=\"16\" height=\"16\" style=\"display: inline;width:16px;height:16px;margin: 0;padding: 0;border: none;box-shadow: none\" src=\"https:\/\/www.arcidiocesitrani.it\/aggregazionilaicali\/wp-content\/plugins\/social-media-feather\/synved-social\/image\/social\/regular\/32x32\/facebook.png\" \/><\/a><a class=\"synved-social-button synved-social-button-share synved-social-size-16 synved-social-resolution-single synved-social-provider-twitter nolightbox\" data-provider=\"twitter\" target=\"_blank\" rel=\"nofollow\" title=\"Share on Twitter\" href=\"https:\/\/twitter.com\/intent\/tweet?url=https%3A%2F%2Fwww.arcidiocesitrani.it%2Faggregazionilaicali%2Fwp-json%2Fwp%2Fv2%2Fposts%2F670&#038;text=Hey%20check%20this%20out\" style=\"font-size: 0px;width:16px;height:16px;margin:0;margin-bottom:5px;margin-right:5px\"><img loading=\"lazy\" decoding=\"async\" alt=\"twitter\" title=\"Share on Twitter\" class=\"synved-share-image synved-social-image synved-social-image-share\" width=\"16\" height=\"16\" style=\"display: inline;width:16px;height:16px;margin: 0;padding: 0;border: none;box-shadow: none\" src=\"https:\/\/www.arcidiocesitrani.it\/aggregazionilaicali\/wp-content\/plugins\/social-media-feather\/synved-social\/image\/social\/regular\/32x32\/twitter.png\" \/><\/a><a class=\"synved-social-button synved-social-button-share synved-social-size-16 synved-social-resolution-single synved-social-provider-reddit nolightbox\" data-provider=\"reddit\" target=\"_blank\" rel=\"nofollow\" title=\"Share on Reddit\" href=\"https:\/\/www.reddit.com\/submit?url=https%3A%2F%2Fwww.arcidiocesitrani.it%2Faggregazionilaicali%2Fwp-json%2Fwp%2Fv2%2Fposts%2F670&#038;title=NOMINATA%20LA%20NUOVA%20PRESIDENTE%20%20DELL%E2%80%99AZIONE%20CATTOLICA%20DIOCESANA\" style=\"font-size: 0px;width:16px;height:16px;margin:0;margin-bottom:5px;margin-right:5px\"><img loading=\"lazy\" decoding=\"async\" alt=\"reddit\" title=\"Share on Reddit\" class=\"synved-share-image synved-social-image synved-social-image-share\" width=\"16\" height=\"16\" style=\"display: inline;width:16px;height:16px;margin: 0;padding: 0;border: none;box-shadow: none\" src=\"https:\/\/www.arcidiocesitrani.it\/aggregazionilaicali\/wp-content\/plugins\/social-media-feather\/synved-social\/image\/social\/regular\/32x32\/reddit.png\" \/><\/a><a class=\"synved-social-button synved-social-button-share synved-social-size-16 synved-social-resolution-single synved-social-provider-pinterest nolightbox\" data-provider=\"pinterest\" target=\"_blank\" rel=\"nofollow\" title=\"Pin it with Pinterest\" href=\"https:\/\/pinterest.com\/pin\/create\/button\/?url=https%3A%2F%2Fwww.arcidiocesitrani.it%2Faggregazionilaicali%2Fwp-json%2Fwp%2Fv2%2Fposts%2F670&#038;media=https%3A%2F%2Fwww.arcidiocesitrani.it%2Faggregazionilaicali%2Fwp-content%2Fuploads%2Fsites%2F25%2F2024%2F03%2FLanotte-Maria.002-e1710352763881.jpg&#038;description=NOMINATA%20LA%20NUOVA%20PRESIDENTE%20%20DELL%E2%80%99AZIONE%20CATTOLICA%20DIOCESANA\" style=\"font-size: 0px;width:16px;height:16px;margin:0;margin-bottom:5px;margin-right:5px\"><img loading=\"lazy\" decoding=\"async\" alt=\"pinterest\" title=\"Pin it with Pinterest\" class=\"synved-share-image synved-social-image synved-social-image-share\" width=\"16\" height=\"16\" style=\"display: inline;width:16px;height:16px;margin: 0;padding: 0;border: none;box-shadow: none\" src=\"https:\/\/www.arcidiocesitrani.it\/aggregazionilaicali\/wp-content\/plugins\/social-media-feather\/synved-social\/image\/social\/regular\/32x32\/pinterest.png\" \/><\/a><a class=\"synved-social-button synved-social-button-share synved-social-size-16 synved-social-resolution-single synved-social-provider-linkedin nolightbox\" data-provider=\"linkedin\" target=\"_blank\" rel=\"nofollow\" title=\"Share on Linkedin\" href=\"https:\/\/www.linkedin.com\/shareArticle?mini=true&#038;url=https%3A%2F%2Fwww.arcidiocesitrani.it%2Faggregazionilaicali%2Fwp-json%2Fwp%2Fv2%2Fposts%2F670&#038;title=NOMINATA%20LA%20NUOVA%20PRESIDENTE%20%20DELL%E2%80%99AZIONE%20CATTOLICA%20DIOCESANA\" style=\"font-size: 0px;width:16px;height:16px;margin:0;margin-bottom:5px;margin-right:5px\"><img loading=\"lazy\" decoding=\"async\" alt=\"linkedin\" title=\"Share on Linkedin\" class=\"synved-share-image synved-social-image synved-social-image-share\" width=\"16\" height=\"16\" style=\"display: inline;width:16px;height:16px;margin: 0;padding: 0;border: none;box-shadow: none\" src=\"https:\/\/www.arcidiocesitrani.it\/aggregazionilaicali\/wp-content\/plugins\/social-media-feather\/synved-social\/image\/social\/regular\/32x32\/linkedin.png\" \/><\/a><a class=\"synved-social-button synved-social-button-share synved-social-size-16 synved-social-resolution-single synved-social-provider-mail nolightbox\" data-provider=\"mail\" rel=\"nofollow\" title=\"Share by email\" href=\"mailto:?subject=NOMINATA%20LA%20NUOVA%20PRESIDENTE%20%20DELL%E2%80%99AZIONE%20CATTOLICA%20DIOCESANA&#038;body=Hey%20check%20this%20out:%20https%3A%2F%2Fwww.arcidiocesitrani.it%2Faggregazionilaicali%2Fwp-json%2Fwp%2Fv2%2Fposts%2F670\" style=\"font-size: 0px;width:16px;height:16px;margin:0;margin-bottom:5px\"><img loading=\"lazy\" decoding=\"async\" alt=\"mail\" title=\"Share by email\" class=\"synved-share-image synved-social-image synved-social-image-share\" width=\"16\" height=\"16\" style=\"display: inline;width:16px;height:16px;margin: 0;padding: 0;border: none;box-shadow: none\" src=\"https:\/\/www.arcidiocesitrani.it\/aggregazionilaicali\/wp-content\/plugins\/social-media-feather\/synved-social\/image\/social\/regular\/32x32\/mail.png\" \/><\/a><\/span><p>&nbsp;<\/p>\n<p>Maria Lanotte, 56 anni, della parrocchia di San Nicola di Barletta, \u00e8 la nuova presidente dell\u2019Azione Cattolica diocesana per il triennio 2024\/2027. Maria Lanotte succede a Francesco Mastrogiacomo, al termine del suo secondo mandato.<\/p>\n<p>La nomina di S.E. Mons. Leonardo D\u2019Ascenzo datata 11 marzo 2024 \u00e8 stata comunicata ieri 12 marzo al Consiglio diocesano di Azione Cattolica eletto durante la XII Assemblea elettiva diocesana nei giorni 16, 17 e 18 febbraio u.s. a Barletta, presso la Chiesa Santa Maria del Carmine.<\/p>\n<p>Nata a Barletta, \u00e8 \u00a0sposata con Ruggiero Francavilla, finanziere in pensione, e insieme sono genitori di due figli: Michele e Gabriella.<\/p>\n<p>Maria Lanotte ha conseguito il diploma di ragioniere e perito commerciale. Ha lavorato come ragioniera e poi come responsabile di negozi di abbigliamento in Emilia Romagna, dove ha vissuto diciassette anni.<\/p>\n<p>A Castel Guelfo (BO), ha conosciuto e aderito all\u2019Azione cattolica. L\u00ec ha anche conosciuto e collaborato con le Maestre pie dell\u2019Addolorata, una famiglia Religiosa fondata nel 1839 dalla Beata Elisabetta Renzi, offrendo servizi di catechesi e volontariato.<\/p>\n<p>A Bologna ha conosciuto la devozione a Maria per mezzo di Ges\u00f9 diffusa da Luigi Maria Montfort e ha aderito alla spiritualit\u00e0\u00a0\u00a0 proposta dai Padri monfortani.<\/p>\n<p>Dal suo ritorno in Puglia si \u00e8 inserita nella comunit\u00e0 parrocchiale di San Nicola a Barletta, dove \u00e8 entrata a far parte dell\u2019Azione cattolica parrocchiale. Da allora offre il suo servizio di catechesi ai ragazzi e agli adulti di Azione cattolica parrocchiale, di consigliere diocesano di Ac, e da diversi anni \u00e8 membro dell\u2019equipe diocesana del Sa, e presidente parrocchiale dell\u2019Ac.<\/p>\n<p>Negli ultimi quattro anni ha offerto il suo servizio di Vicepresidente del Settore adulti dell\u2019Ac diocesana, e dall\u2019ultimo anno \u00e8 anche referente del Laboratorio della formazione dell\u2019Ac diocesana.<\/p>\n<p>Maria Lanotte \u00e8 molto sensibile e attenta al cammino della Chiesa dal livello nazionale a quello locale. Infatti, partecipa con passione alla vita della Chiesa, specie nelle esperienze sinodali.<\/p>\n<p>Attualmente \u00e8:<\/p>\n<ul>\n<li>membro del Consiglio pastorale parrocchiale nella parrocchia di San Nicola;<\/li>\n<li>membro d\u2019Equipe di lavoro di del Gruppo di coordinamento pastorale della diocesi;<\/li>\n<li>membro d\u2019Equipe di lavoro del PDF (Percorso diocesano della formazione);<\/li>\n<\/ul>\n<p>membro del Consiglio Pastorale Zonale.<\/p>\n<p>&nbsp;<\/p>\n<p>\u00abIl Consiglio e tutta l\u2019associazione \u2013 si legge in un comunicato dell\u2019Associazione Cattolica diocesana &#8211; \u00a0ha accolto con grande gioia la nomina di Maria Lanotte, riconoscendo in lei una persona di profonda spiritualit\u00e0, di fede, capace di un pensare unitario e di tessere relazioni inclusive. E\u2019 dotata di un forte senso di responsabilit\u00e0 che esprime con mitezza e forza nei confronti delle persone e della vita associativa. L\u2019orizzonte del suo servizio \u00e8 sempre orientato alla comunione con i pastori, le associazioni, e tutte le realt\u00e0 della pastorale diocesana. Maria Lanotte si appresta a vivere il nuovo servizio associativo in un tempo carico di grandi sfide, confidando nell\u2019aiuto del Signore e di tutti i compagni di viaggio, e\u00a0\u00a0 con lo spirito di una <em>sorella che si cinge il grembiule per servire la Chiesa attraverso la famiglia dell\u2019Ac<\/em>\u00bb.<\/p>\n<p>&nbsp;<\/p>\n<p>&nbsp;<\/p>\n<p>&nbsp;<\/p>\n<p>&nbsp;<\/p>\n","protected":false},"excerpt":{"rendered":"<p>&nbsp; Maria Lanotte, 56 anni, della parrocchia di San Nicola di Barletta, \u00e8 la nuova presidente dell\u2019Azione Cattolica diocesana per il triennio 2024\/2027. Maria Lanotte succede a Francesco Mastrogiacomo, al termine del suo secondo mandato. La nomina di S.E. Mons. Leonardo D\u2019Ascenzo datata 11 marzo 2024 \u00e8 stata comunicata ieri 12 marzo al Consiglio diocesano di Azione Cattolica eletto durante la XII Assemblea elettiva diocesana &hellip; <a href=\"https:\/\/www.arcidiocesitrani.it\/aggregazionilaicali\/nominata-la-nuova-presidente-dellazione-cattolica-diocesana\/\" class=\"more-link\">Continua a leggere <span class=\"screen-reader-text\"><\/span> <span class=\"meta-nav\">&raquo;<\/span><\/a><\/p>\n","protected":false},"author":10,"featured_media":671,"comment_status":"closed","ping_status":"closed","sticky":false,"template":"","format":"standard","meta":{"_acf_changed":false,"ip_address":"","user_agent":"","level":"","revision":"","cookie_id":"","page_referer":"","html_form":"","footnotes":""},"categories":[8,11,7],"tags":[],"acf":[],"_links":{"self":[{"href":"https:\/\/www.arcidiocesitrani.it\/aggregazionilaicali\/wp-json\/wp\/v2\/posts\/670"}],"collection":[{"href":"https:\/\/www.arcidiocesitrani.it\/aggregazionilaicali\/wp-json\/wp\/v2\/posts"}],"about":[{"href":"https:\/\/www.arcidiocesitrani.it\/aggregazionilaicali\/wp-json\/wp\/v2\/types\/post"}],"author":[{"embeddable":true,"href":"https:\/\/www.arcidiocesitrani.it\/aggregazionilaicali\/wp-json\/wp\/v2\/users\/10"}],"replies":[{"embeddable":true,"href":"https:\/\/www.arcidiocesitrani.it\/aggregazionilaicali\/wp-json\/wp\/v2\/comments?post=670"}],"version-history":[{"count":1,"href":"https:\/\/www.arcidiocesitrani.it\/aggregazionilaicali\/wp-json\/wp\/v2\/posts\/670\/revisions"}],"predecessor-version":[{"id":672,"href":"https:\/\/www.arcidiocesitrani.it\/aggregazionilaicali\/wp-json\/wp\/v2\/posts\/670\/revisions\/672"}],"wp:featuredmedia":[{"embeddable":true,"href":"https:\/\/www.arcidiocesitrani.it\/aggregazionilaicali\/wp-json\/wp\/v2\/media\/671"}],"wp:attachment":[{"href":"https:\/\/www.arcidiocesitrani.it\/aggregazionilaicali\/wp-json\/wp\/v2\/media?parent=670"}],"wp:term":[{"taxonomy":"category","embeddable":true,"href":"https:\/\/www.arcidiocesitrani.it\/aggregazionilaicali\/wp-json\/wp\/v2\/categories?post=670"},{"taxonomy":"post_tag","embeddable":true,"href":"https:\/\/www.arcidiocesitrani.it\/aggregazionilaicali\/wp-json\/wp\/v2\/tags?post=670"}],"curies":[{"name":"wp","href":"https:\/\/api.w.org\/{rel}","templated":true}]}}