{"id":678,"date":"2024-04-01T09:19:15","date_gmt":"2024-04-01T07:19:15","guid":{"rendered":"https:\/\/www.arcidiocesitrani.it\/aggregazionilaicali\/messaggio-per-la-santa-pasqua-di-maria-lanotte-presidente-dellazione-cattolica-diocesana\/"},"modified":"2024-04-03T09:42:33","modified_gmt":"2024-04-03T07:42:33","slug":"messaggio-per-la-santa-pasqua-di-maria-lanotte-presidente-dellazione-cattolica-diocesana","status":"publish","type":"post","link":"https:\/\/www.arcidiocesitrani.it\/aggregazionilaicali\/messaggio-per-la-santa-pasqua-di-maria-lanotte-presidente-dellazione-cattolica-diocesana\/","title":{"rendered":"MESSAGGIO  PER LA SANTA PASQUA DI MARIA LANOTTE, PRESIDENTE DELL&#8217;AZIONE CATTOLICA DIOCESANA"},"content":{"rendered":"<span class=\"synved-social-container synved-social-container-share\"><a class=\"synved-social-button synved-social-button-share synved-social-size-16 synved-social-resolution-single synved-social-provider-facebook nolightbox\" data-provider=\"facebook\" target=\"_blank\" rel=\"nofollow\" title=\"Share on Facebook\" href=\"https:\/\/www.facebook.com\/sharer.php?u=https%3A%2F%2Fwww.arcidiocesitrani.it%2Faggregazionilaicali%2Fwp-json%2Fwp%2Fv2%2Fposts%2F678&#038;t=MESSAGGIO%20%20PER%20LA%20SANTA%20PASQUA%20DI%20MARIA%20LANOTTE%2C%20PRESIDENTE%20DELL%E2%80%99AZIONE%20CATTOLICA%20DIOCESANA&#038;s=100&#038;p&#091;url&#093;=https%3A%2F%2Fwww.arcidiocesitrani.it%2Faggregazionilaicali%2Fwp-json%2Fwp%2Fv2%2Fposts%2F678&#038;p&#091;images&#093;&#091;0&#093;=https%3A%2F%2Fwww.arcidiocesitrani.it%2Faggregazionilaicali%2Fwp-content%2Fuploads%2Fsites%2F25%2F2024%2F04%2FLanotte-Maria.003.jpg&#038;p&#091;title&#093;=MESSAGGIO%20%20PER%20LA%20SANTA%20PASQUA%20DI%20MARIA%20LANOTTE%2C%20PRESIDENTE%20DELL%E2%80%99AZIONE%20CATTOLICA%20DIOCESANA\" style=\"font-size: 0px;width:16px;height:16px;margin:0;margin-bottom:5px;margin-right:5px\"><img loading=\"lazy\" decoding=\"async\" alt=\"Facebook\" title=\"Share on Facebook\" class=\"synved-share-image synved-social-image synved-social-image-share\" width=\"16\" height=\"16\" style=\"display: inline;width:16px;height:16px;margin: 0;padding: 0;border: none;box-shadow: none\" src=\"https:\/\/www.arcidiocesitrani.it\/aggregazionilaicali\/wp-content\/plugins\/social-media-feather\/synved-social\/image\/social\/regular\/32x32\/facebook.png\" \/><\/a><a class=\"synved-social-button synved-social-button-share synved-social-size-16 synved-social-resolution-single synved-social-provider-twitter nolightbox\" data-provider=\"twitter\" target=\"_blank\" rel=\"nofollow\" title=\"Share on Twitter\" href=\"https:\/\/twitter.com\/intent\/tweet?url=https%3A%2F%2Fwww.arcidiocesitrani.it%2Faggregazionilaicali%2Fwp-json%2Fwp%2Fv2%2Fposts%2F678&#038;text=Hey%20check%20this%20out\" style=\"font-size: 0px;width:16px;height:16px;margin:0;margin-bottom:5px;margin-right:5px\"><img loading=\"lazy\" decoding=\"async\" alt=\"twitter\" title=\"Share on Twitter\" class=\"synved-share-image synved-social-image synved-social-image-share\" width=\"16\" height=\"16\" style=\"display: inline;width:16px;height:16px;margin: 0;padding: 0;border: none;box-shadow: none\" src=\"https:\/\/www.arcidiocesitrani.it\/aggregazionilaicali\/wp-content\/plugins\/social-media-feather\/synved-social\/image\/social\/regular\/32x32\/twitter.png\" \/><\/a><a class=\"synved-social-button synved-social-button-share synved-social-size-16 synved-social-resolution-single synved-social-provider-reddit nolightbox\" data-provider=\"reddit\" target=\"_blank\" rel=\"nofollow\" title=\"Share on Reddit\" href=\"https:\/\/www.reddit.com\/submit?url=https%3A%2F%2Fwww.arcidiocesitrani.it%2Faggregazionilaicali%2Fwp-json%2Fwp%2Fv2%2Fposts%2F678&#038;title=MESSAGGIO%20%20PER%20LA%20SANTA%20PASQUA%20DI%20MARIA%20LANOTTE%2C%20PRESIDENTE%20DELL%E2%80%99AZIONE%20CATTOLICA%20DIOCESANA\" style=\"font-size: 0px;width:16px;height:16px;margin:0;margin-bottom:5px;margin-right:5px\"><img loading=\"lazy\" decoding=\"async\" alt=\"reddit\" title=\"Share on Reddit\" class=\"synved-share-image synved-social-image synved-social-image-share\" width=\"16\" height=\"16\" style=\"display: inline;width:16px;height:16px;margin: 0;padding: 0;border: none;box-shadow: none\" src=\"https:\/\/www.arcidiocesitrani.it\/aggregazionilaicali\/wp-content\/plugins\/social-media-feather\/synved-social\/image\/social\/regular\/32x32\/reddit.png\" \/><\/a><a class=\"synved-social-button synved-social-button-share synved-social-size-16 synved-social-resolution-single synved-social-provider-pinterest nolightbox\" data-provider=\"pinterest\" target=\"_blank\" rel=\"nofollow\" title=\"Pin it with Pinterest\" href=\"https:\/\/pinterest.com\/pin\/create\/button\/?url=https%3A%2F%2Fwww.arcidiocesitrani.it%2Faggregazionilaicali%2Fwp-json%2Fwp%2Fv2%2Fposts%2F678&#038;media=https%3A%2F%2Fwww.arcidiocesitrani.it%2Faggregazionilaicali%2Fwp-content%2Fuploads%2Fsites%2F25%2F2024%2F04%2FLanotte-Maria.003.jpg&#038;description=MESSAGGIO%20%20PER%20LA%20SANTA%20PASQUA%20DI%20MARIA%20LANOTTE%2C%20PRESIDENTE%20DELL%E2%80%99AZIONE%20CATTOLICA%20DIOCESANA\" style=\"font-size: 0px;width:16px;height:16px;margin:0;margin-bottom:5px;margin-right:5px\"><img loading=\"lazy\" decoding=\"async\" alt=\"pinterest\" title=\"Pin it with Pinterest\" class=\"synved-share-image synved-social-image synved-social-image-share\" width=\"16\" height=\"16\" style=\"display: inline;width:16px;height:16px;margin: 0;padding: 0;border: none;box-shadow: none\" src=\"https:\/\/www.arcidiocesitrani.it\/aggregazionilaicali\/wp-content\/plugins\/social-media-feather\/synved-social\/image\/social\/regular\/32x32\/pinterest.png\" \/><\/a><a class=\"synved-social-button synved-social-button-share synved-social-size-16 synved-social-resolution-single synved-social-provider-linkedin nolightbox\" data-provider=\"linkedin\" target=\"_blank\" rel=\"nofollow\" title=\"Share on Linkedin\" href=\"https:\/\/www.linkedin.com\/shareArticle?mini=true&#038;url=https%3A%2F%2Fwww.arcidiocesitrani.it%2Faggregazionilaicali%2Fwp-json%2Fwp%2Fv2%2Fposts%2F678&#038;title=MESSAGGIO%20%20PER%20LA%20SANTA%20PASQUA%20DI%20MARIA%20LANOTTE%2C%20PRESIDENTE%20DELL%E2%80%99AZIONE%20CATTOLICA%20DIOCESANA\" style=\"font-size: 0px;width:16px;height:16px;margin:0;margin-bottom:5px;margin-right:5px\"><img loading=\"lazy\" decoding=\"async\" alt=\"linkedin\" title=\"Share on Linkedin\" class=\"synved-share-image synved-social-image synved-social-image-share\" width=\"16\" height=\"16\" style=\"display: inline;width:16px;height:16px;margin: 0;padding: 0;border: none;box-shadow: none\" src=\"https:\/\/www.arcidiocesitrani.it\/aggregazionilaicali\/wp-content\/plugins\/social-media-feather\/synved-social\/image\/social\/regular\/32x32\/linkedin.png\" \/><\/a><a class=\"synved-social-button synved-social-button-share synved-social-size-16 synved-social-resolution-single synved-social-provider-mail nolightbox\" data-provider=\"mail\" rel=\"nofollow\" title=\"Share by email\" href=\"mailto:?subject=MESSAGGIO%20%20PER%20LA%20SANTA%20PASQUA%20DI%20MARIA%20LANOTTE%2C%20PRESIDENTE%20DELL%E2%80%99AZIONE%20CATTOLICA%20DIOCESANA&#038;body=Hey%20check%20this%20out:%20https%3A%2F%2Fwww.arcidiocesitrani.it%2Faggregazionilaicali%2Fwp-json%2Fwp%2Fv2%2Fposts%2F678\" style=\"font-size: 0px;width:16px;height:16px;margin:0;margin-bottom:5px\"><img loading=\"lazy\" decoding=\"async\" alt=\"mail\" title=\"Share by email\" class=\"synved-share-image synved-social-image synved-social-image-share\" width=\"16\" height=\"16\" style=\"display: inline;width:16px;height:16px;margin: 0;padding: 0;border: none;box-shadow: none\" src=\"https:\/\/www.arcidiocesitrani.it\/aggregazionilaicali\/wp-content\/plugins\/social-media-feather\/synved-social\/image\/social\/regular\/32x32\/mail.png\" \/><\/a><\/span><p>&nbsp;<\/p>\n<p>Carissimi fratelli e sorelle!<\/p>\n<p>Oggi insieme a tutta la Chiesa celebriamo la Pasqua, la resurrezione del Signore, la Vita che vince sulla Morte!<\/p>\n<p>Desidero rivolgere a tutti l\u2019augurio pasquale con le parole di Carlo Carretto: \u201cLa resurrezione \u00e8 il tempo di Dio in noi, la prova della sua potenza creatrice, la capacit\u00e0 di rinnovare tutte le cose\u201d.<\/p>\n<p>Il nostro Signore \u00e8 il Dio della Vita. Egli ancora non si stanca dell\u2019uomo e continua a prendere su di s\u00e9 i nostri peccati, egoismi, dolori, morte, e ci trasforma.\u00a0 Egli continua a soffiare nelle nostre narici un alito di vita e fa di noi delle creature nuove.<\/p>\n<p>In questa Santa Pasqua desidero profondamente che lo Spirito del Risorto possa raggiungere tutti, in particolare chi sta vivendo la prova o il dramma della guerra e che in ogni angolo della terra risuoni ovunque il grido di Pace.<\/p>\n<p>Possa il Signore parlare al cuore dei governanti del mondo affinch\u00e9 all\u2019unisono si adoperino per una cessazione dei conflitti armati che producono solo dolore, distruzione e spreco disumano di vite.<\/p>\n<p>Carissimi tutti, continuiamo attraverso l\u2019impegno nella nostra cara associazione ad adoperarci per costruire ovunque ci troviamo legami di pace, fraternit\u00e0 e amore non solo con le parole, ma nella concretezza delle nostre esistenze. Offriamo le nostre vite a Cristo, affinch\u00e9 faccia di noi strumenti della Sua luce.<\/p>\n<p>Fratelli e sorelle, non dimentichiamo che nel cammino della fede a volte bisogna morire a s\u00e9 stessi per un Bene pi\u00f9 alto e per preservare la comunione.<\/p>\n<p>Continuiamo con coraggio, nonostante la complessit\u00e0 del nostro tempo, ad offrire un servizio generoso alla Chiesa con fedelt\u00e0 a Cristo, al Vangelo, a Papa Francesco, al nostro arcivescovo Mons. Leonardo D\u2019Ascenzo, ai nostri parroci e alle nostre comunit\u00e0. Non \u00e8 sempre facile, ma come dice l\u2019apostolo Paolo: \u201cSe Dio \u00e8 per noi, chi sar\u00e0 contro di noi? Egli che non ha risparmiato il proprio Figlio, ma lo ha dato per tutti noi, come non ci doner\u00e0 ogni cosa insieme con Lui?\u201d (Rm 8,31-39).<\/p>\n<p>Vorrei ricordare che in questi anni stiamo vivendo un tempo di grazia attraverso il cammino sinodale e l\u2019Azione cattolica in particolare, sta vivendo una fase di rinnovamento a tutti i livelli della vita associativa che culminer\u00e0 nella XVIII Assemblea nazionale che si svolger\u00e0 dal 25 al 28 aprile p.v. a Roma dove con grande gioia incontreremo Papa Francesco. Disponiamo gli animi a essere attenti alle sollecitazioni dello Spirito, affinch\u00e9 queste esperienze siano feconde e generative di processi e buone prassi.<\/p>\n<p>Riscopriamo e viviamo ogni giorno la santit\u00e0 che ci \u00e8 donata nel battesimo, viviamo da risorti!<\/p>\n<p>Chiediamo a Maria che ha vissuto il dolore per la passione e crocifissione di suo Figlio Ges\u00f9, ma anche la gioia della sua resurrezione, di conservare i cuori di tutti nella gioia del Risorto e di guidare tutta l\u2019umanit\u00e0 nel cammino della salvezza.<\/p>\n<p>&nbsp;<\/p>\n<p>Buona Pasqua a tutti!<\/p>\n<p>Maria Lanotte<\/p>\n<p>Presidente diocesana di Ac<\/p>\n<p>&nbsp;<\/p>\n","protected":false},"excerpt":{"rendered":"<p>&nbsp; Carissimi fratelli e sorelle! Oggi insieme a tutta la Chiesa celebriamo la Pasqua, la resurrezione del Signore, la Vita che vince sulla Morte! Desidero rivolgere a tutti l\u2019augurio pasquale con le parole di Carlo Carretto: \u201cLa resurrezione \u00e8 il tempo di Dio in noi, la prova della sua potenza creatrice, la capacit\u00e0 di rinnovare tutte le cose\u201d. Il nostro Signore \u00e8 il Dio della &hellip; <a href=\"https:\/\/www.arcidiocesitrani.it\/aggregazionilaicali\/messaggio-per-la-santa-pasqua-di-maria-lanotte-presidente-dellazione-cattolica-diocesana\/\" class=\"more-link\">Continua a leggere <span class=\"screen-reader-text\"><\/span> <span class=\"meta-nav\">&raquo;<\/span><\/a><\/p>\n","protected":false},"author":10,"featured_media":679,"comment_status":"closed","ping_status":"closed","sticky":false,"template":"","format":"standard","meta":{"_acf_changed":false,"ip_address":"","user_agent":"","level":"","revision":"","cookie_id":"","page_referer":"","html_form":"","footnotes":""},"categories":[8,1],"tags":[],"acf":[],"_links":{"self":[{"href":"https:\/\/www.arcidiocesitrani.it\/aggregazionilaicali\/wp-json\/wp\/v2\/posts\/678"}],"collection":[{"href":"https:\/\/www.arcidiocesitrani.it\/aggregazionilaicali\/wp-json\/wp\/v2\/posts"}],"about":[{"href":"https:\/\/www.arcidiocesitrani.it\/aggregazionilaicali\/wp-json\/wp\/v2\/types\/post"}],"author":[{"embeddable":true,"href":"https:\/\/www.arcidiocesitrani.it\/aggregazionilaicali\/wp-json\/wp\/v2\/users\/10"}],"replies":[{"embeddable":true,"href":"https:\/\/www.arcidiocesitrani.it\/aggregazionilaicali\/wp-json\/wp\/v2\/comments?post=678"}],"version-history":[{"count":2,"href":"https:\/\/www.arcidiocesitrani.it\/aggregazionilaicali\/wp-json\/wp\/v2\/posts\/678\/revisions"}],"predecessor-version":[{"id":681,"href":"https:\/\/www.arcidiocesitrani.it\/aggregazionilaicali\/wp-json\/wp\/v2\/posts\/678\/revisions\/681"}],"wp:featuredmedia":[{"embeddable":true,"href":"https:\/\/www.arcidiocesitrani.it\/aggregazionilaicali\/wp-json\/wp\/v2\/media\/679"}],"wp:attachment":[{"href":"https:\/\/www.arcidiocesitrani.it\/aggregazionilaicali\/wp-json\/wp\/v2\/media?parent=678"}],"wp:term":[{"taxonomy":"category","embeddable":true,"href":"https:\/\/www.arcidiocesitrani.it\/aggregazionilaicali\/wp-json\/wp\/v2\/categories?post=678"},{"taxonomy":"post_tag","embeddable":true,"href":"https:\/\/www.arcidiocesitrani.it\/aggregazionilaicali\/wp-json\/wp\/v2\/tags?post=678"}],"curies":[{"name":"wp","href":"https:\/\/api.w.org\/{rel}","templated":true}]}}