{"id":696,"date":"2024-05-30T16:53:02","date_gmt":"2024-05-30T14:53:02","guid":{"rendered":"https:\/\/www.arcidiocesitrani.it\/aggregazionilaicali\/elezioni-europee-gruppi-associazioni-e-movimenti-promuovono-eventi-di-confronto-e-approfondimento\/"},"modified":"2024-05-30T16:53:02","modified_gmt":"2024-05-30T14:53:02","slug":"elezioni-europee-gruppi-associazioni-e-movimenti-promuovono-eventi-di-confronto-e-approfondimento","status":"publish","type":"post","link":"https:\/\/www.arcidiocesitrani.it\/aggregazionilaicali\/elezioni-europee-gruppi-associazioni-e-movimenti-promuovono-eventi-di-confronto-e-approfondimento\/","title":{"rendered":"ELEZIONI EUROPEE. GRUPPI, ASSOCIAZIONI E MOVIMENTI ECCLESIALI PROMUOVONO EVENTI DI CONFRONTO E APPROFONDIMENTO"},"content":{"rendered":"<span class=\"synved-social-container synved-social-container-share\"><a class=\"synved-social-button synved-social-button-share synved-social-size-16 synved-social-resolution-single synved-social-provider-facebook nolightbox\" data-provider=\"facebook\" target=\"_blank\" rel=\"nofollow\" title=\"Share on Facebook\" href=\"https:\/\/www.facebook.com\/sharer.php?u=https%3A%2F%2Fwww.arcidiocesitrani.it%2Faggregazionilaicali%2Fwp-json%2Fwp%2Fv2%2Fposts%2F696&#038;t=ELEZIONI%20EUROPEE.%20GRUPPI%2C%20ASSOCIAZIONI%20E%20MOVIMENTI%20ECCLESIALI%20PROMUOVONO%20EVENTI%20DI%20CONFRONTO%20E%20APPROFONDIMENTO&#038;s=100&#038;p&#091;url&#093;=https%3A%2F%2Fwww.arcidiocesitrani.it%2Faggregazionilaicali%2Fwp-json%2Fwp%2Fv2%2Fposts%2F696&#038;p&#091;images&#093;&#091;0&#093;=https%3A%2F%2Fwww.arcidiocesitrani.it%2Faggregazionilaicali%2Fwp-content%2Fuploads%2Fsites%2F25%2F2024%2F05%2FBanner1.jpg&#038;p&#091;title&#093;=ELEZIONI%20EUROPEE.%20GRUPPI%2C%20ASSOCIAZIONI%20E%20MOVIMENTI%20ECCLESIALI%20PROMUOVONO%20EVENTI%20DI%20CONFRONTO%20E%20APPROFONDIMENTO\" style=\"font-size: 0px;width:16px;height:16px;margin:0;margin-bottom:5px;margin-right:5px\"><img loading=\"lazy\" decoding=\"async\" alt=\"Facebook\" title=\"Share on Facebook\" class=\"synved-share-image synved-social-image synved-social-image-share\" width=\"16\" height=\"16\" style=\"display: inline;width:16px;height:16px;margin: 0;padding: 0;border: none;box-shadow: none\" src=\"https:\/\/www.arcidiocesitrani.it\/aggregazionilaicali\/wp-content\/plugins\/social-media-feather\/synved-social\/image\/social\/regular\/32x32\/facebook.png\" \/><\/a><a class=\"synved-social-button synved-social-button-share synved-social-size-16 synved-social-resolution-single synved-social-provider-twitter nolightbox\" data-provider=\"twitter\" target=\"_blank\" rel=\"nofollow\" title=\"Share on Twitter\" href=\"https:\/\/twitter.com\/intent\/tweet?url=https%3A%2F%2Fwww.arcidiocesitrani.it%2Faggregazionilaicali%2Fwp-json%2Fwp%2Fv2%2Fposts%2F696&#038;text=Hey%20check%20this%20out\" style=\"font-size: 0px;width:16px;height:16px;margin:0;margin-bottom:5px;margin-right:5px\"><img loading=\"lazy\" decoding=\"async\" alt=\"twitter\" title=\"Share on Twitter\" class=\"synved-share-image synved-social-image synved-social-image-share\" width=\"16\" height=\"16\" style=\"display: inline;width:16px;height:16px;margin: 0;padding: 0;border: none;box-shadow: none\" src=\"https:\/\/www.arcidiocesitrani.it\/aggregazionilaicali\/wp-content\/plugins\/social-media-feather\/synved-social\/image\/social\/regular\/32x32\/twitter.png\" \/><\/a><a class=\"synved-social-button synved-social-button-share synved-social-size-16 synved-social-resolution-single synved-social-provider-reddit nolightbox\" data-provider=\"reddit\" target=\"_blank\" rel=\"nofollow\" title=\"Share on Reddit\" href=\"https:\/\/www.reddit.com\/submit?url=https%3A%2F%2Fwww.arcidiocesitrani.it%2Faggregazionilaicali%2Fwp-json%2Fwp%2Fv2%2Fposts%2F696&#038;title=ELEZIONI%20EUROPEE.%20GRUPPI%2C%20ASSOCIAZIONI%20E%20MOVIMENTI%20ECCLESIALI%20PROMUOVONO%20EVENTI%20DI%20CONFRONTO%20E%20APPROFONDIMENTO\" style=\"font-size: 0px;width:16px;height:16px;margin:0;margin-bottom:5px;margin-right:5px\"><img loading=\"lazy\" decoding=\"async\" alt=\"reddit\" title=\"Share on Reddit\" class=\"synved-share-image synved-social-image synved-social-image-share\" width=\"16\" height=\"16\" style=\"display: inline;width:16px;height:16px;margin: 0;padding: 0;border: none;box-shadow: none\" src=\"https:\/\/www.arcidiocesitrani.it\/aggregazionilaicali\/wp-content\/plugins\/social-media-feather\/synved-social\/image\/social\/regular\/32x32\/reddit.png\" \/><\/a><a class=\"synved-social-button synved-social-button-share synved-social-size-16 synved-social-resolution-single synved-social-provider-pinterest nolightbox\" data-provider=\"pinterest\" target=\"_blank\" rel=\"nofollow\" title=\"Pin it with Pinterest\" href=\"https:\/\/pinterest.com\/pin\/create\/button\/?url=https%3A%2F%2Fwww.arcidiocesitrani.it%2Faggregazionilaicali%2Fwp-json%2Fwp%2Fv2%2Fposts%2F696&#038;media=https%3A%2F%2Fwww.arcidiocesitrani.it%2Faggregazionilaicali%2Fwp-content%2Fuploads%2Fsites%2F25%2F2024%2F05%2FBanner1.jpg&#038;description=ELEZIONI%20EUROPEE.%20GRUPPI%2C%20ASSOCIAZIONI%20E%20MOVIMENTI%20ECCLESIALI%20PROMUOVONO%20EVENTI%20DI%20CONFRONTO%20E%20APPROFONDIMENTO\" style=\"font-size: 0px;width:16px;height:16px;margin:0;margin-bottom:5px;margin-right:5px\"><img loading=\"lazy\" decoding=\"async\" alt=\"pinterest\" title=\"Pin it with Pinterest\" class=\"synved-share-image synved-social-image synved-social-image-share\" width=\"16\" height=\"16\" style=\"display: inline;width:16px;height:16px;margin: 0;padding: 0;border: none;box-shadow: none\" src=\"https:\/\/www.arcidiocesitrani.it\/aggregazionilaicali\/wp-content\/plugins\/social-media-feather\/synved-social\/image\/social\/regular\/32x32\/pinterest.png\" \/><\/a><a class=\"synved-social-button synved-social-button-share synved-social-size-16 synved-social-resolution-single synved-social-provider-linkedin nolightbox\" data-provider=\"linkedin\" target=\"_blank\" rel=\"nofollow\" title=\"Share on Linkedin\" href=\"https:\/\/www.linkedin.com\/shareArticle?mini=true&#038;url=https%3A%2F%2Fwww.arcidiocesitrani.it%2Faggregazionilaicali%2Fwp-json%2Fwp%2Fv2%2Fposts%2F696&#038;title=ELEZIONI%20EUROPEE.%20GRUPPI%2C%20ASSOCIAZIONI%20E%20MOVIMENTI%20ECCLESIALI%20PROMUOVONO%20EVENTI%20DI%20CONFRONTO%20E%20APPROFONDIMENTO\" style=\"font-size: 0px;width:16px;height:16px;margin:0;margin-bottom:5px;margin-right:5px\"><img loading=\"lazy\" decoding=\"async\" alt=\"linkedin\" title=\"Share on Linkedin\" class=\"synved-share-image synved-social-image synved-social-image-share\" width=\"16\" height=\"16\" style=\"display: inline;width:16px;height:16px;margin: 0;padding: 0;border: none;box-shadow: none\" src=\"https:\/\/www.arcidiocesitrani.it\/aggregazionilaicali\/wp-content\/plugins\/social-media-feather\/synved-social\/image\/social\/regular\/32x32\/linkedin.png\" \/><\/a><a class=\"synved-social-button synved-social-button-share synved-social-size-16 synved-social-resolution-single synved-social-provider-mail nolightbox\" data-provider=\"mail\" rel=\"nofollow\" title=\"Share by email\" href=\"mailto:?subject=ELEZIONI%20EUROPEE.%20GRUPPI%2C%20ASSOCIAZIONI%20E%20MOVIMENTI%20ECCLESIALI%20PROMUOVONO%20EVENTI%20DI%20CONFRONTO%20E%20APPROFONDIMENTO&#038;body=Hey%20check%20this%20out:%20https%3A%2F%2Fwww.arcidiocesitrani.it%2Faggregazionilaicali%2Fwp-json%2Fwp%2Fv2%2Fposts%2F696\" style=\"font-size: 0px;width:16px;height:16px;margin:0;margin-bottom:5px\"><img loading=\"lazy\" decoding=\"async\" alt=\"mail\" title=\"Share by email\" class=\"synved-share-image synved-social-image synved-social-image-share\" width=\"16\" height=\"16\" style=\"display: inline;width:16px;height:16px;margin: 0;padding: 0;border: none;box-shadow: none\" src=\"https:\/\/www.arcidiocesitrani.it\/aggregazionilaicali\/wp-content\/plugins\/social-media-feather\/synved-social\/image\/social\/regular\/32x32\/mail.png\" \/><\/a><\/span><h1 style=\"text-align: center\"><strong>BARI<\/strong><\/h1>\n<p style=\"text-align: center\"><strong><a href=\"https:\/\/it.clonline.org\/news\/attualit%C3%A0\/2024\/04\/24\/Volantino-CdO-Europa\">DAL SITO INTERNET DI COMUNIONE E LIBERAZIONE<\/a><\/strong><\/p>\n<p><img loading=\"lazy\" decoding=\"async\" class=\"alignnone wp-image-701 size-full\" src=\"http:\/\/www.arcidiocesitrani.it\/aggregazionilaicali\/wp-content\/uploads\/sites\/25\/2024\/05\/Per_la_pace_un_orizzonte.png\" alt=\"\" width=\"604\" height=\"857\" srcset=\"https:\/\/www.arcidiocesitrani.it\/aggregazionilaicali\/wp-content\/uploads\/sites\/25\/2024\/05\/Per_la_pace_un_orizzonte.png 604w, https:\/\/www.arcidiocesitrani.it\/aggregazionilaicali\/wp-content\/uploads\/sites\/25\/2024\/05\/Per_la_pace_un_orizzonte-211x300.png 211w, https:\/\/www.arcidiocesitrani.it\/aggregazionilaicali\/wp-content\/uploads\/sites\/25\/2024\/05\/Per_la_pace_un_orizzonte-600x851.png 600w\" sizes=\"(max-width: 604px) 100vw, 604px\" \/><strong><a href=\"http:\/\/www.arcidiocesitrani.it\/aggregazionilaicali\/wp-content\/uploads\/sites\/25\/2024\/05\/Elezioni-europee-2024.pdf\">Elezioni europee 2024<\/a><\/strong><\/p>\n<h1 style=\"text-align: center\"><strong>BISCEGLIE<\/strong><\/h1>\n<p>&nbsp;<\/p>\n<p><strong>Cara Europa. Desid\u00e8ri di cittadinanza europea.<\/strong><\/p>\n<p>In vista delle Elezioni Europee 8\/9 giugno 2024, L&#8217;Azione Cattolica della parrocchia Santa Maria di Costantinopoli, in collaborazione con l&#8217;associazione Cercasi Un Fine, il giorno LUNED\u00cc 3 GIUGNO, alle 19.30, presso il salone della parrocchia Santa Maria di Costantinopoli, invita giovani e adulti a partecipare a <em>Cara Europa. Desid\u00e8ri di cittadinanza europea<\/em>.<\/p>\n<p>L\u2019incontro, aperto a tutta la cittadinanza che desidera approfondire le dinamiche comunitarie, prevede un approfondimento sulle istituzioni e organismi rappresentativi dell\u2019Unione, insieme al relatore prof. Andrea Cannone, gi\u00e0 ordinario di diritto internazionale presso l\u2019Universit\u00e0 degli Studi di Bari \u201cAldo Moro\u201d.<\/p>\n<p>\u201cIn un momento di crisi per gli equilibri internazionali e di scelte decisive per il bene comune\u201d, spiega don Aurelio Carella, referente di Pastorale Giovanile e moderatore dell\u2019incontro, \u201cla comunit\u00e0 cristiana \u00e8 chiamata a cercare nuove strade per il bene comune. Questo pu\u00f2 avvenire a partire dalla formazione e dalla partecipazione attiva alla vita sociale e politica\u201d. Per questo l\u2019incontro, nato in contesto ecclesiale, \u00e8 aperto in spirito di laicit\u00e0 a tutti i cittadini che desiderano essere parte in maniera consapevole della societ\u00e0 europea.<\/p>\n<p>Azione Cattolica parrocchiale \u2013 Santa Maria di Costantinopoli, Bisceglie<\/p>\n<p>Ass.ne Cercasi Un Fine<\/p>\n<p>&nbsp;<\/p>\n<p>&nbsp;<\/p>\n<p style=\"text-align: center\"><img loading=\"lazy\" decoding=\"async\" class=\"alignnone wp-image-699 size-large\" src=\"http:\/\/www.arcidiocesitrani.it\/aggregazionilaicali\/wp-content\/uploads\/sites\/25\/2024\/05\/Cara_Europa-819x1024.jpg\" alt=\"\" width=\"800\" height=\"1000\" srcset=\"https:\/\/www.arcidiocesitrani.it\/aggregazionilaicali\/wp-content\/uploads\/sites\/25\/2024\/05\/Cara_Europa-819x1024.jpg 819w, https:\/\/www.arcidiocesitrani.it\/aggregazionilaicali\/wp-content\/uploads\/sites\/25\/2024\/05\/Cara_Europa-240x300.jpg 240w, https:\/\/www.arcidiocesitrani.it\/aggregazionilaicali\/wp-content\/uploads\/sites\/25\/2024\/05\/Cara_Europa-768x960.jpg 768w, https:\/\/www.arcidiocesitrani.it\/aggregazionilaicali\/wp-content\/uploads\/sites\/25\/2024\/05\/Cara_Europa-600x750.jpg 600w, https:\/\/www.arcidiocesitrani.it\/aggregazionilaicali\/wp-content\/uploads\/sites\/25\/2024\/05\/Cara_Europa-800x1000.jpg 800w, https:\/\/www.arcidiocesitrani.it\/aggregazionilaicali\/wp-content\/uploads\/sites\/25\/2024\/05\/Cara_Europa.jpg 1080w\" sizes=\"(max-width: 800px) 100vw, 800px\" \/><\/p>\n<p>&nbsp;<\/p>\n<p style=\"text-align: center\"><strong><em>Preghiera in vista delle elezioni europee &#8211; giugno 2024<\/em><a href=\"#_ftn1\" name=\"_ftnref1\">[1]<\/a><\/strong><\/p>\n<p>O Dio Padre di tutti, Ti ringraziamo per aver illuminato i padri fondatori dell\u2019Unione Europea, che hanno creduto fermamente nella dignit\u00e0 di ogni essere umano e nell\u2019importanza della comunit\u00e0. Benedici l\u2019Unione Europea, nostra casa comune in cui imparare a vivere da \u201cFratelli Tutti\u201d, collaborando insieme per il bene comune, recuperando il senso dello stare insieme, la visione del nostro futuro condiviso, ritrovando l\u2019anima europea.<\/p>\n<p><em>O Ges\u00f9 Cristo crocifisso e risorto, Signore del cielo e della terra, il Tuo Vangelo ha ispirato il progetto originario dell\u2019Unione europea. Per Tua grazia essa non perda la memoria delle sue radici, impegnandosi a difendere e ad accogliere la vita dal suo inizio alla sua fine, centrandosi sulla persona e sui popoli, promuovendo politiche effettive per la natalit\u00e0 e la famiglia, operando affinch\u00e9 \u00a0le diverse nazioni siano una famiglia in cui si custodiscano la crescita e la singolarit\u00e0 di ciascuno.<\/em><\/p>\n<p><em>O Spirito Santo, che soffi dove vuoi, gonfia le vele dell\u2019Unione europea, perch\u00e9 sia una \u201cbarca\u201d<\/em> che non perda nessuna delle tante persone migranti che intraprendono i \u201cviaggi della speranza\u201d, alla ricerca disperata di un futuro. Rendila capace di ospitalit\u00e0 e sostienila \u00a0nell\u2019offrire percorsi di pace per porre fine alla guerra in Ucraina, in Medio Oriente e ai tanti conflitti che insanguinano il mondo. Abilitala ad affrontare le sfide attuali: le esigenze di innovazione economica e tecnica, di sicurezza, di cura dell\u2019ambiente e di custodia della \u201ccasa comune\u201d, di salvaguardia dei diritti individuali e sociali.<\/p>\n<p>O Beata Vergine Maria, Regina dell\u2019Europa, a<em>iutaci <\/em>a sognare un\u00a0<em>nuovo umanesimo europeo<\/em>. Intercedi perch\u00e9 con responsabilit\u00e0 facciamo la migliore scelta possibile nelle prossime elezioni, e perch\u00e9 non manchino le vocazioni ad impegnarsi in politica per contribuire al bene comune in uno spirito di servizio alla comunit\u00e0 europea e mondiale.\u00a0 Amen. Alleluia!<\/p>\n<p><a href=\"#_ftnref1\" name=\"_ftn1\">[1]<\/a> Ispirata dalla Lettera <em>all\u2019Unione Europea del Card. Matteo Maria Zuppi, Presidente della CEI, e di Mons. Mariano Crociata, Presidente della COMECE, in occasione della Giornata dell\u2019Europa 2024 e in vista delle prossime elezioni europee, che <\/em>si trova in: https:\/\/www.chiesacattolica.it\/lettera-allunione-europea\/<\/p>\n<p>Don Francesco Dell&#8217;Orco<\/p>\n<hr class=\"wpba_attachment_hr\"><div id='wpba_attachment_list' class='wpba wpba-wrap'>\n<ul class='wpba-attachment-list unstyled'><li id='wpba_attachment_list_700' class='wpba-list-item pull-left'><img src='https:\/\/www.arcidiocesitrani.it\/aggregazionilaicali\/wp-content\/themes\/wp-starter-so\/icons\/document.png' width='16' height='20' class='wpba-icon pull-left'><a href='https:\/\/www.arcidiocesitrani.it\/aggregazionilaicali\/wp-content\/uploads\/sites\/25\/2024\/05\/Elezioni-europee-2024.pdf' title='Elezioni europee 2024' class='wpba-link pull-left' target=\"_blank\">Elezioni europee 2024<\/a><\/li>\n<\/ul><\/div>\n","protected":false},"excerpt":{"rendered":"<p>BARI DAL SITO INTERNET DI COMUNIONE E LIBERAZIONE Elezioni europee 2024 BISCEGLIE &nbsp; Cara Europa. Desid\u00e8ri di cittadinanza europea. In vista delle Elezioni Europee 8\/9 giugno 2024, L&#8217;Azione Cattolica della parrocchia Santa Maria di Costantinopoli, in collaborazione con l&#8217;associazione Cercasi Un Fine, il giorno LUNED\u00cc 3 GIUGNO, alle 19.30, presso il salone della parrocchia Santa Maria di Costantinopoli, invita giovani e adulti a partecipare a &hellip; <a href=\"https:\/\/www.arcidiocesitrani.it\/aggregazionilaicali\/elezioni-europee-gruppi-associazioni-e-movimenti-promuovono-eventi-di-confronto-e-approfondimento\/\" class=\"more-link\">Continua a leggere <span class=\"screen-reader-text\"><\/span> <span class=\"meta-nav\">&raquo;<\/span><\/a><\/p>\n","protected":false},"author":10,"featured_media":697,"comment_status":"closed","ping_status":"closed","sticky":false,"template":"","format":"standard","meta":{"_acf_changed":false,"ip_address":"","user_agent":"","level":"","revision":"","cookie_id":"","page_referer":"","html_form":"","footnotes":""},"categories":[1],"tags":[],"acf":[],"_links":{"self":[{"href":"https:\/\/www.arcidiocesitrani.it\/aggregazionilaicali\/wp-json\/wp\/v2\/posts\/696"}],"collection":[{"href":"https:\/\/www.arcidiocesitrani.it\/aggregazionilaicali\/wp-json\/wp\/v2\/posts"}],"about":[{"href":"https:\/\/www.arcidiocesitrani.it\/aggregazionilaicali\/wp-json\/wp\/v2\/types\/post"}],"author":[{"embeddable":true,"href":"https:\/\/www.arcidiocesitrani.it\/aggregazionilaicali\/wp-json\/wp\/v2\/users\/10"}],"replies":[{"embeddable":true,"href":"https:\/\/www.arcidiocesitrani.it\/aggregazionilaicali\/wp-json\/wp\/v2\/comments?post=696"}],"version-history":[{"count":1,"href":"https:\/\/www.arcidiocesitrani.it\/aggregazionilaicali\/wp-json\/wp\/v2\/posts\/696\/revisions"}],"predecessor-version":[{"id":702,"href":"https:\/\/www.arcidiocesitrani.it\/aggregazionilaicali\/wp-json\/wp\/v2\/posts\/696\/revisions\/702"}],"wp:featuredmedia":[{"embeddable":true,"href":"https:\/\/www.arcidiocesitrani.it\/aggregazionilaicali\/wp-json\/wp\/v2\/media\/697"}],"wp:attachment":[{"href":"https:\/\/www.arcidiocesitrani.it\/aggregazionilaicali\/wp-json\/wp\/v2\/media?parent=696"}],"wp:term":[{"taxonomy":"category","embeddable":true,"href":"https:\/\/www.arcidiocesitrani.it\/aggregazionilaicali\/wp-json\/wp\/v2\/categories?post=696"},{"taxonomy":"post_tag","embeddable":true,"href":"https:\/\/www.arcidiocesitrani.it\/aggregazionilaicali\/wp-json\/wp\/v2\/tags?post=696"}],"curies":[{"name":"wp","href":"https:\/\/api.w.org\/{rel}","templated":true}]}}