{"id":734,"date":"2024-06-18T20:09:46","date_gmt":"2024-06-18T18:09:46","guid":{"rendered":"https:\/\/www.arcidiocesitrani.it\/aggregazionilaicali\/larcivescovo-nomina-il-consiglio-di-presidenza-della-consulta-diocesana-delle-aggregazioni-laicali\/"},"modified":"2024-06-20T09:18:00","modified_gmt":"2024-06-20T07:18:00","slug":"larcivescovo-nomina-il-consiglio-di-presidenza-della-consulta-diocesana-delle-aggregazioni-laicali","status":"publish","type":"post","link":"https:\/\/www.arcidiocesitrani.it\/aggregazionilaicali\/larcivescovo-nomina-il-consiglio-di-presidenza-della-consulta-diocesana-delle-aggregazioni-laicali\/","title":{"rendered":"L\u2019ARCIVESCOVO NOMINA IL CONSIGLIO DI PRESIDENZA DELLA CONSULTA DIOCESANA DELLE AGGREGAZIONI LAICALI"},"content":{"rendered":"<span class=\"synved-social-container synved-social-container-share\"><a class=\"synved-social-button synved-social-button-share synved-social-size-16 synved-social-resolution-single synved-social-provider-facebook nolightbox\" data-provider=\"facebook\" target=\"_blank\" rel=\"nofollow\" title=\"Share on Facebook\" href=\"https:\/\/www.facebook.com\/sharer.php?u=https%3A%2F%2Fwww.arcidiocesitrani.it%2Faggregazionilaicali%2Fwp-json%2Fwp%2Fv2%2Fposts%2F734&#038;t=L%E2%80%99ARCIVESCOVO%20NOMINA%20IL%20CONSIGLIO%20DI%20PRESIDENZA%20DELLA%20CONSULTA%20DIOCESANA%20DELLE%20AGGREGAZIONI%20LAICALI&#038;s=100&#038;p&#091;url&#093;=https%3A%2F%2Fwww.arcidiocesitrani.it%2Faggregazionilaicali%2Fwp-json%2Fwp%2Fv2%2Fposts%2F734&#038;p&#091;images&#093;&#091;0&#093;=https%3A%2F%2Fwww.arcidiocesitrani.it%2Faggregazionilaicali%2Fwp-content%2Fuploads%2Fsites%2F25%2F2024%2F06%2FIMG-20240611-WA0013.jpg&#038;p&#091;title&#093;=L%E2%80%99ARCIVESCOVO%20NOMINA%20IL%20CONSIGLIO%20DI%20PRESIDENZA%20DELLA%20CONSULTA%20DIOCESANA%20DELLE%20AGGREGAZIONI%20LAICALI\" style=\"font-size: 0px;width:16px;height:16px;margin:0;margin-bottom:5px;margin-right:5px\"><img loading=\"lazy\" decoding=\"async\" alt=\"Facebook\" title=\"Share on Facebook\" class=\"synved-share-image synved-social-image synved-social-image-share\" width=\"16\" height=\"16\" style=\"display: inline;width:16px;height:16px;margin: 0;padding: 0;border: none;box-shadow: none\" src=\"https:\/\/www.arcidiocesitrani.it\/aggregazionilaicali\/wp-content\/plugins\/social-media-feather\/synved-social\/image\/social\/regular\/32x32\/facebook.png\" \/><\/a><a class=\"synved-social-button synved-social-button-share synved-social-size-16 synved-social-resolution-single synved-social-provider-twitter nolightbox\" data-provider=\"twitter\" target=\"_blank\" rel=\"nofollow\" title=\"Share on Twitter\" href=\"https:\/\/twitter.com\/intent\/tweet?url=https%3A%2F%2Fwww.arcidiocesitrani.it%2Faggregazionilaicali%2Fwp-json%2Fwp%2Fv2%2Fposts%2F734&#038;text=Hey%20check%20this%20out\" style=\"font-size: 0px;width:16px;height:16px;margin:0;margin-bottom:5px;margin-right:5px\"><img loading=\"lazy\" decoding=\"async\" alt=\"twitter\" title=\"Share on Twitter\" class=\"synved-share-image synved-social-image synved-social-image-share\" width=\"16\" height=\"16\" style=\"display: inline;width:16px;height:16px;margin: 0;padding: 0;border: none;box-shadow: none\" src=\"https:\/\/www.arcidiocesitrani.it\/aggregazionilaicali\/wp-content\/plugins\/social-media-feather\/synved-social\/image\/social\/regular\/32x32\/twitter.png\" \/><\/a><a class=\"synved-social-button synved-social-button-share synved-social-size-16 synved-social-resolution-single synved-social-provider-reddit nolightbox\" data-provider=\"reddit\" target=\"_blank\" rel=\"nofollow\" title=\"Share on Reddit\" href=\"https:\/\/www.reddit.com\/submit?url=https%3A%2F%2Fwww.arcidiocesitrani.it%2Faggregazionilaicali%2Fwp-json%2Fwp%2Fv2%2Fposts%2F734&#038;title=L%E2%80%99ARCIVESCOVO%20NOMINA%20IL%20CONSIGLIO%20DI%20PRESIDENZA%20DELLA%20CONSULTA%20DIOCESANA%20DELLE%20AGGREGAZIONI%20LAICALI\" style=\"font-size: 0px;width:16px;height:16px;margin:0;margin-bottom:5px;margin-right:5px\"><img loading=\"lazy\" decoding=\"async\" alt=\"reddit\" title=\"Share on Reddit\" class=\"synved-share-image synved-social-image synved-social-image-share\" width=\"16\" height=\"16\" style=\"display: inline;width:16px;height:16px;margin: 0;padding: 0;border: none;box-shadow: none\" src=\"https:\/\/www.arcidiocesitrani.it\/aggregazionilaicali\/wp-content\/plugins\/social-media-feather\/synved-social\/image\/social\/regular\/32x32\/reddit.png\" \/><\/a><a class=\"synved-social-button synved-social-button-share synved-social-size-16 synved-social-resolution-single synved-social-provider-pinterest nolightbox\" data-provider=\"pinterest\" target=\"_blank\" rel=\"nofollow\" title=\"Pin it with Pinterest\" href=\"https:\/\/pinterest.com\/pin\/create\/button\/?url=https%3A%2F%2Fwww.arcidiocesitrani.it%2Faggregazionilaicali%2Fwp-json%2Fwp%2Fv2%2Fposts%2F734&#038;media=https%3A%2F%2Fwww.arcidiocesitrani.it%2Faggregazionilaicali%2Fwp-content%2Fuploads%2Fsites%2F25%2F2024%2F06%2FIMG-20240611-WA0013.jpg&#038;description=L%E2%80%99ARCIVESCOVO%20NOMINA%20IL%20CONSIGLIO%20DI%20PRESIDENZA%20DELLA%20CONSULTA%20DIOCESANA%20DELLE%20AGGREGAZIONI%20LAICALI\" style=\"font-size: 0px;width:16px;height:16px;margin:0;margin-bottom:5px;margin-right:5px\"><img loading=\"lazy\" decoding=\"async\" alt=\"pinterest\" title=\"Pin it with Pinterest\" class=\"synved-share-image synved-social-image synved-social-image-share\" width=\"16\" height=\"16\" style=\"display: inline;width:16px;height:16px;margin: 0;padding: 0;border: none;box-shadow: none\" src=\"https:\/\/www.arcidiocesitrani.it\/aggregazionilaicali\/wp-content\/plugins\/social-media-feather\/synved-social\/image\/social\/regular\/32x32\/pinterest.png\" \/><\/a><a class=\"synved-social-button synved-social-button-share synved-social-size-16 synved-social-resolution-single synved-social-provider-linkedin nolightbox\" data-provider=\"linkedin\" target=\"_blank\" rel=\"nofollow\" title=\"Share on Linkedin\" href=\"https:\/\/www.linkedin.com\/shareArticle?mini=true&#038;url=https%3A%2F%2Fwww.arcidiocesitrani.it%2Faggregazionilaicali%2Fwp-json%2Fwp%2Fv2%2Fposts%2F734&#038;title=L%E2%80%99ARCIVESCOVO%20NOMINA%20IL%20CONSIGLIO%20DI%20PRESIDENZA%20DELLA%20CONSULTA%20DIOCESANA%20DELLE%20AGGREGAZIONI%20LAICALI\" style=\"font-size: 0px;width:16px;height:16px;margin:0;margin-bottom:5px;margin-right:5px\"><img loading=\"lazy\" decoding=\"async\" alt=\"linkedin\" title=\"Share on Linkedin\" class=\"synved-share-image synved-social-image synved-social-image-share\" width=\"16\" height=\"16\" style=\"display: inline;width:16px;height:16px;margin: 0;padding: 0;border: none;box-shadow: none\" src=\"https:\/\/www.arcidiocesitrani.it\/aggregazionilaicali\/wp-content\/plugins\/social-media-feather\/synved-social\/image\/social\/regular\/32x32\/linkedin.png\" \/><\/a><a class=\"synved-social-button synved-social-button-share synved-social-size-16 synved-social-resolution-single synved-social-provider-mail nolightbox\" data-provider=\"mail\" rel=\"nofollow\" title=\"Share by email\" href=\"mailto:?subject=L%E2%80%99ARCIVESCOVO%20NOMINA%20IL%20CONSIGLIO%20DI%20PRESIDENZA%20DELLA%20CONSULTA%20DIOCESANA%20DELLE%20AGGREGAZIONI%20LAICALI&#038;body=Hey%20check%20this%20out:%20https%3A%2F%2Fwww.arcidiocesitrani.it%2Faggregazionilaicali%2Fwp-json%2Fwp%2Fv2%2Fposts%2F734\" style=\"font-size: 0px;width:16px;height:16px;margin:0;margin-bottom:5px\"><img loading=\"lazy\" decoding=\"async\" alt=\"mail\" title=\"Share by email\" class=\"synved-share-image synved-social-image synved-social-image-share\" width=\"16\" height=\"16\" style=\"display: inline;width:16px;height:16px;margin: 0;padding: 0;border: none;box-shadow: none\" src=\"https:\/\/www.arcidiocesitrani.it\/aggregazionilaicali\/wp-content\/plugins\/social-media-feather\/synved-social\/image\/social\/regular\/32x32\/mail.png\" \/><\/a><\/span><p>&nbsp;<\/p>\n<p><em>\u00abAttesa la necessit\u00e0 di provvedere alla provvisione <\/em><em>degli organi statutari della Consulta Diocesana delle Aggregazioni Laicali (CDAL);<\/em> \u2013 cos\u00ec scrive l\u2019Arcivescovo mons. Leonardo D\u2019Ascenzo nel decreto di nomina del Consiglio di presidenza della Consulta diocesana delle Aggregazioni Laicali con data del 18 giugno 2024,\u00a0 facendo riferimento ad atti e documenti relativi alla struttura giuridica della Consulta \u2013 <em>visto il decreto del 31 maggio 2024 <\/em><em>con il quale sono stati nominati i rappresentanti delle Associazioni laicali che afferiscono alla predetta Consulta;<\/em><em> visto <\/em><em>l&#8217;esito delle elezioni dei due membri che rappresentano la Consulta in seno al <\/em><em>Consiglio Pastorale Diocesano effettuate il 27 aprile 2023;<\/em><em> visto<\/em> <em>l&#8217;esito delle elezioni del Presidente, del Segretario e degli altri membri dei Consiglio <\/em><em>di presidenza effettuate il 10 giugno u.s. (\u2026) nominiamo il Consiglio di Presidenza della Consulta Diocesana delle Aggregazioni laicali\u00bb.<\/em><\/p>\n<p>Esso risulta cos\u00ec composto:<\/p>\n<ul>\n<li>Nicola ULISSE, Presidente<\/li>\n<li>Antonella LOFFREDO, Segretaria<\/li>\n<li>Maria BISCEGLIE, Membro del Consiglio di Presidenza<\/li>\n<li>Pierdomenico CARONE, Membro del Consiglio di Presidenza<\/li>\n<li>Gaetano DELL&#8217;AQUILA, Membro del Consiglio di Presidenza<\/li>\n<li>Barbara GENTILE, Membro del Consiglio di Presidenza<\/li>\n<li>Franco MASTROGIACOMO, Membro del Consiglio di Presidenza<\/li>\n<\/ul>\n<p>Il CDAL \u00e8 composto da 31 organismi tra associazioni, movimenti e gruppi, i cui componenti\/soci sono tutti fedeli laici, cio\u00e8 non ministri ordinati. Nella chiesa la componente dei fedeli laici \u00e8 quella porzione del Popolo di Dio pi\u00f9 numerosa rispetto alla componente dei fedeli che sono i ministri ordinati e i consacrati. Tutti sono accomunati dell\u2019unico e medesimo \u201cbattesimo\u201d.<\/p>\n<p>Per una maggiore comprensione si riportano le seguenti voci del Catechismo della Chiesa Cattolica<\/p>\n<p><strong>871<\/strong><em>\u00a0<\/em>\u00ab I fedeli sono coloro che, essendo stati incorporati a Cristo mediante il Battesimo, sono costituiti popolo di Dio e perci\u00f2, resi partecipi nel modo loro proprio della funzione sacerdotale, profetica e regale di Cristo, sono chiamati ad attuare, secondo la condizione propria di ciascuno, la missione che Dio ha affidato alla Chiesa da compiere nel mondo \u00bb.<\/p>\n<p><strong>872<\/strong><em>\u00a0<\/em>\u00ab Fra tutti i fedeli, in forza della loro rigenerazione in Cristo, sussiste una vera uguaglianza nella dignit\u00e0 e nell&#8217;agire, e per tale uguaglianza tutti cooperano all&#8217;edificazione del corpo di Cristo, secondo la condizione e i compiti propri di ciascuno \u00bb.<\/p>\n<p><strong>873<\/strong><em>\u00a0<\/em>Le differenze stesse che il Signore ha voluto stabilire fra le membra del suo corpo sono in funzione della sua unit\u00e0 e della sua missione. Infatti \u00ab c&#8217;\u00e8 nella Chiesa diversit\u00e0 di ministeri, ma unit\u00e0 di missione. Gli Apostoli e i loro successori hanno avuto da Cristo l&#8217;ufficio di insegnare, santificare, reggere in suo nome e con la sua autorit\u00e0. Ma i laici, resi partecipi dell&#8217;ufficio sacerdotale, profetico e regale di Cristo, nella missione di tutto il popolo di Dio assolvono compiti propri nella Chiesa e nel mondo \u00bb.\u00a0Infine dai ministri sacri e dai laici \u00ab provengono fedeli i quali, con la professione dei consigli evangelici [&#8230;], in modo speciale sono consacrati a Dio e danno incremento alla missione salvifica della Chiesa \u00bb.<\/p>\n<p>La foto si riferisce al recente incontro del CDAL con l&#8217;Arcivescovo<\/p>\n","protected":false},"excerpt":{"rendered":"<p>&nbsp; \u00abAttesa la necessit\u00e0 di provvedere alla provvisione degli organi statutari della Consulta Diocesana delle Aggregazioni Laicali (CDAL); \u2013 cos\u00ec scrive l\u2019Arcivescovo mons. Leonardo D\u2019Ascenzo nel decreto di nomina del Consiglio di presidenza della Consulta diocesana delle Aggregazioni Laicali con data del 18 giugno 2024,\u00a0 facendo riferimento ad atti e documenti relativi alla struttura giuridica della Consulta \u2013 visto il decreto del 31 maggio 2024 &hellip; <a href=\"https:\/\/www.arcidiocesitrani.it\/aggregazionilaicali\/larcivescovo-nomina-il-consiglio-di-presidenza-della-consulta-diocesana-delle-aggregazioni-laicali\/\" class=\"more-link\">Continua a leggere <span class=\"screen-reader-text\"><\/span> <span class=\"meta-nav\">&raquo;<\/span><\/a><\/p>\n","protected":false},"author":10,"featured_media":735,"comment_status":"closed","ping_status":"closed","sticky":false,"template":"","format":"standard","meta":{"_acf_changed":false,"ip_address":"","user_agent":"","level":"","revision":"","cookie_id":"","page_referer":"","html_form":"","footnotes":""},"categories":[7],"tags":[],"acf":[],"_links":{"self":[{"href":"https:\/\/www.arcidiocesitrani.it\/aggregazionilaicali\/wp-json\/wp\/v2\/posts\/734"}],"collection":[{"href":"https:\/\/www.arcidiocesitrani.it\/aggregazionilaicali\/wp-json\/wp\/v2\/posts"}],"about":[{"href":"https:\/\/www.arcidiocesitrani.it\/aggregazionilaicali\/wp-json\/wp\/v2\/types\/post"}],"author":[{"embeddable":true,"href":"https:\/\/www.arcidiocesitrani.it\/aggregazionilaicali\/wp-json\/wp\/v2\/users\/10"}],"replies":[{"embeddable":true,"href":"https:\/\/www.arcidiocesitrani.it\/aggregazionilaicali\/wp-json\/wp\/v2\/comments?post=734"}],"version-history":[{"count":0,"href":"https:\/\/www.arcidiocesitrani.it\/aggregazionilaicali\/wp-json\/wp\/v2\/posts\/734\/revisions"}],"wp:featuredmedia":[{"embeddable":true,"href":"https:\/\/www.arcidiocesitrani.it\/aggregazionilaicali\/wp-json\/wp\/v2\/media\/735"}],"wp:attachment":[{"href":"https:\/\/www.arcidiocesitrani.it\/aggregazionilaicali\/wp-json\/wp\/v2\/media?parent=734"}],"wp:term":[{"taxonomy":"category","embeddable":true,"href":"https:\/\/www.arcidiocesitrani.it\/aggregazionilaicali\/wp-json\/wp\/v2\/categories?post=734"},{"taxonomy":"post_tag","embeddable":true,"href":"https:\/\/www.arcidiocesitrani.it\/aggregazionilaicali\/wp-json\/wp\/v2\/tags?post=734"}],"curies":[{"name":"wp","href":"https:\/\/api.w.org\/{rel}","templated":true}]}}