{"id":850,"date":"2024-10-21T10:02:49","date_gmt":"2024-10-21T08:02:49","guid":{"rendered":"https:\/\/www.arcidiocesitrani.it\/aggregazionilaicali\/?p=850"},"modified":"2024-10-21T10:02:49","modified_gmt":"2024-10-21T08:02:49","slug":"incontri-di-catechesi-chiamati-ad-essere-testimonidi-fede-esperanza","status":"publish","type":"post","link":"https:\/\/www.arcidiocesitrani.it\/aggregazionilaicali\/incontri-di-catechesi-chiamati-ad-essere-testimonidi-fede-esperanza\/","title":{"rendered":"INCONTRI DI CATECHESI CHIAMATI AD ESSERE TESTIMONI\tDI FEDE E\tSPERANZA"},"content":{"rendered":"<span class=\"synved-social-container synved-social-container-share\"><a class=\"synved-social-button synved-social-button-share synved-social-size-16 synved-social-resolution-single synved-social-provider-facebook nolightbox\" data-provider=\"facebook\" target=\"_blank\" rel=\"nofollow\" title=\"Share on Facebook\" href=\"https:\/\/www.facebook.com\/sharer.php?u=https%3A%2F%2Fwww.arcidiocesitrani.it%2Faggregazionilaicali%2Fwp-json%2Fwp%2Fv2%2Fposts%2F850&#038;t=INCONTRI%20DI%20CATECHESI%20CHIAMATI%20AD%20ESSERE%20TESTIMONI%09DI%20FEDE%20E%09SPERANZA&#038;s=100&#038;p&#091;url&#093;=https%3A%2F%2Fwww.arcidiocesitrani.it%2Faggregazionilaicali%2Fwp-json%2Fwp%2Fv2%2Fposts%2F850&#038;p&#091;images&#093;&#091;0&#093;=https%3A%2F%2Fwww.arcidiocesitrani.it%2Faggregazionilaicali%2Fwp-content%2Fuploads%2Fsites%2F25%2F2024%2F10%2FLocandina-catechesi-MCC-Sant-Agostino-Barletta-1-scaled.jpg&#038;p&#091;title&#093;=INCONTRI%20DI%20CATECHESI%20CHIAMATI%20AD%20ESSERE%20TESTIMONI%09DI%20FEDE%20E%09SPERANZA\" style=\"font-size: 0px;width:16px;height:16px;margin:0;margin-bottom:5px;margin-right:5px\"><img loading=\"lazy\" decoding=\"async\" alt=\"Facebook\" title=\"Share on Facebook\" class=\"synved-share-image synved-social-image synved-social-image-share\" width=\"16\" height=\"16\" style=\"display: inline;width:16px;height:16px;margin: 0;padding: 0;border: none;box-shadow: none\" src=\"https:\/\/www.arcidiocesitrani.it\/aggregazionilaicali\/wp-content\/plugins\/social-media-feather\/synved-social\/image\/social\/regular\/32x32\/facebook.png\" \/><\/a><a class=\"synved-social-button synved-social-button-share synved-social-size-16 synved-social-resolution-single synved-social-provider-twitter nolightbox\" data-provider=\"twitter\" target=\"_blank\" rel=\"nofollow\" title=\"Share on Twitter\" href=\"https:\/\/twitter.com\/intent\/tweet?url=https%3A%2F%2Fwww.arcidiocesitrani.it%2Faggregazionilaicali%2Fwp-json%2Fwp%2Fv2%2Fposts%2F850&#038;text=Hey%20check%20this%20out\" style=\"font-size: 0px;width:16px;height:16px;margin:0;margin-bottom:5px;margin-right:5px\"><img loading=\"lazy\" decoding=\"async\" alt=\"twitter\" title=\"Share on Twitter\" class=\"synved-share-image synved-social-image synved-social-image-share\" width=\"16\" height=\"16\" style=\"display: inline;width:16px;height:16px;margin: 0;padding: 0;border: none;box-shadow: none\" src=\"https:\/\/www.arcidiocesitrani.it\/aggregazionilaicali\/wp-content\/plugins\/social-media-feather\/synved-social\/image\/social\/regular\/32x32\/twitter.png\" \/><\/a><a class=\"synved-social-button synved-social-button-share synved-social-size-16 synved-social-resolution-single synved-social-provider-reddit nolightbox\" data-provider=\"reddit\" target=\"_blank\" rel=\"nofollow\" title=\"Share on Reddit\" href=\"https:\/\/www.reddit.com\/submit?url=https%3A%2F%2Fwww.arcidiocesitrani.it%2Faggregazionilaicali%2Fwp-json%2Fwp%2Fv2%2Fposts%2F850&#038;title=INCONTRI%20DI%20CATECHESI%20CHIAMATI%20AD%20ESSERE%20TESTIMONI%09DI%20FEDE%20E%09SPERANZA\" style=\"font-size: 0px;width:16px;height:16px;margin:0;margin-bottom:5px;margin-right:5px\"><img loading=\"lazy\" decoding=\"async\" alt=\"reddit\" title=\"Share on Reddit\" class=\"synved-share-image synved-social-image synved-social-image-share\" width=\"16\" height=\"16\" style=\"display: inline;width:16px;height:16px;margin: 0;padding: 0;border: none;box-shadow: none\" src=\"https:\/\/www.arcidiocesitrani.it\/aggregazionilaicali\/wp-content\/plugins\/social-media-feather\/synved-social\/image\/social\/regular\/32x32\/reddit.png\" \/><\/a><a class=\"synved-social-button synved-social-button-share synved-social-size-16 synved-social-resolution-single synved-social-provider-pinterest nolightbox\" data-provider=\"pinterest\" target=\"_blank\" rel=\"nofollow\" title=\"Pin it with Pinterest\" href=\"https:\/\/pinterest.com\/pin\/create\/button\/?url=https%3A%2F%2Fwww.arcidiocesitrani.it%2Faggregazionilaicali%2Fwp-json%2Fwp%2Fv2%2Fposts%2F850&#038;media=https%3A%2F%2Fwww.arcidiocesitrani.it%2Faggregazionilaicali%2Fwp-content%2Fuploads%2Fsites%2F25%2F2024%2F10%2FLocandina-catechesi-MCC-Sant-Agostino-Barletta-1-scaled.jpg&#038;description=INCONTRI%20DI%20CATECHESI%20CHIAMATI%20AD%20ESSERE%20TESTIMONI%09DI%20FEDE%20E%09SPERANZA\" style=\"font-size: 0px;width:16px;height:16px;margin:0;margin-bottom:5px;margin-right:5px\"><img loading=\"lazy\" decoding=\"async\" alt=\"pinterest\" title=\"Pin it with Pinterest\" class=\"synved-share-image synved-social-image synved-social-image-share\" width=\"16\" height=\"16\" style=\"display: inline;width:16px;height:16px;margin: 0;padding: 0;border: none;box-shadow: none\" src=\"https:\/\/www.arcidiocesitrani.it\/aggregazionilaicali\/wp-content\/plugins\/social-media-feather\/synved-social\/image\/social\/regular\/32x32\/pinterest.png\" \/><\/a><a class=\"synved-social-button synved-social-button-share synved-social-size-16 synved-social-resolution-single synved-social-provider-linkedin nolightbox\" data-provider=\"linkedin\" target=\"_blank\" rel=\"nofollow\" title=\"Share on Linkedin\" href=\"https:\/\/www.linkedin.com\/shareArticle?mini=true&#038;url=https%3A%2F%2Fwww.arcidiocesitrani.it%2Faggregazionilaicali%2Fwp-json%2Fwp%2Fv2%2Fposts%2F850&#038;title=INCONTRI%20DI%20CATECHESI%20CHIAMATI%20AD%20ESSERE%20TESTIMONI%09DI%20FEDE%20E%09SPERANZA\" style=\"font-size: 0px;width:16px;height:16px;margin:0;margin-bottom:5px;margin-right:5px\"><img loading=\"lazy\" decoding=\"async\" alt=\"linkedin\" title=\"Share on Linkedin\" class=\"synved-share-image synved-social-image synved-social-image-share\" width=\"16\" height=\"16\" style=\"display: inline;width:16px;height:16px;margin: 0;padding: 0;border: none;box-shadow: none\" src=\"https:\/\/www.arcidiocesitrani.it\/aggregazionilaicali\/wp-content\/plugins\/social-media-feather\/synved-social\/image\/social\/regular\/32x32\/linkedin.png\" \/><\/a><a class=\"synved-social-button synved-social-button-share synved-social-size-16 synved-social-resolution-single synved-social-provider-mail nolightbox\" data-provider=\"mail\" rel=\"nofollow\" title=\"Share by email\" href=\"mailto:?subject=INCONTRI%20DI%20CATECHESI%20CHIAMATI%20AD%20ESSERE%20TESTIMONI%09DI%20FEDE%20E%09SPERANZA&#038;body=Hey%20check%20this%20out:%20https%3A%2F%2Fwww.arcidiocesitrani.it%2Faggregazionilaicali%2Fwp-json%2Fwp%2Fv2%2Fposts%2F850\" style=\"font-size: 0px;width:16px;height:16px;margin:0;margin-bottom:5px\"><img loading=\"lazy\" decoding=\"async\" alt=\"mail\" title=\"Share by email\" class=\"synved-share-image synved-social-image synved-social-image-share\" width=\"16\" height=\"16\" style=\"display: inline;width:16px;height:16px;margin: 0;padding: 0;border: none;box-shadow: none\" src=\"https:\/\/www.arcidiocesitrani.it\/aggregazionilaicali\/wp-content\/plugins\/social-media-feather\/synved-social\/image\/social\/regular\/32x32\/mail.png\" \/><\/a><\/span><p>\u00abGuardare al futuro con speranza equivale anche ad avere una visione della vita carica di<br \/>\nentusiasmo da trasmettere\u00bb, (Bolla d\u2019indizione del Giubileo 2025, Spes non confundit, n. 9).<br \/>\nAlla luce di queste significative parole ed in un momento storico complesso e carico di<br \/>\ncontraddizioni, ma anche di inedite opportunit\u00e0 per il Vangelo e per la Chiesa, il Movimento<br \/>\ndiocesano dei Cursillos di Cristianit\u00e0 (MCC), in sinergia con la Parrocchia di Sant\u2019Agostino di Barletta<br \/>\npropone, in questo nuovo anno pastorale, un ciclo di catechesi su tematiche esistenziali e spirituali<br \/>\nper gli operatori pastorali e ad ogni uomo e donna di buona volont\u00e0 che vuole mettersi in discussione.<br \/>\nQueste catechesi con uno stile interattivo, creativo ed esperienziale vogliono essere un modo per<br \/>\nmetterci in formazione e in dialogo gli uni con gli altri per camminare insieme e saper \u00ababbandonare il<br \/>\ncomodo criterio pastorale del si \u00e8 fatto sempre cosi\u00bb (EG, 33), ma anche essere una comunit\u00e0<br \/>\ncristiana non autoreferenziale che si metta al servizio degli uomini creando ponti di vicinanza e di<br \/>\namicizia con tutti vicini, tiepidi e lontani dalla fede (cfr. EG, 24). Essere, come degli artigiani di<br \/>\ncomunit\u00e0 (cf. Papa Francesco, 30.01.2021) valorizzando i talenti di ciascuno con la cura e l\u2019attenzione<br \/>\nai contesti di vita. Essere comunit\u00e0 di cristiani che sanno dare una testimonianza gioiosa del Vangelo<br \/>\ne di una Chiesa \u201cin uscita, libera, rinnovata, povera, samaritana, sinodale\u201d, che cammina con il mondo<br \/>\ne ne condivide \u201cle gioie e le speranze, le tristezze e le angosce\u201d (GS 1) e che \u00e8 formata da cristiani che<br \/>\nsanno \u201ccamminare alla presenza di Ges\u00f9, ricolmi di speranza, capaci di andare direttamente al<br \/>\ncuore della vita e delle relazioni umane.<br \/>\nLa sfida di questi incontri-dibattiti sar\u00e0, infine, quella di stupirci e di \u201cmostrare la forza rinnovatrice<br \/>\ndel Vangelo con la testimonianza profetica della vita\u201d ed iniziare con una nuova tappa evangelizzatrice<br \/>\na \u00abparlare di nuovo in modo accattivante e entusiastico di Dio e di Ges\u00f9 Cristo, cos\u00ec che le persone si<br \/>\nsentano di nuovo toccate e colpite nel loro cuore e nella loro vita, il mondo sia trasformato e la chiesa<br \/>\ndiventi di nuovo la patria per i molti che si interrogano e cercano\u00bb (W. Kasper, G. Augustin (edd.), La<br \/>\nsfida della nuova evangelizzazione. Impulsi per la rivitalizzazione della fede, Queriniana, Brescia 2012,<br \/>\n38).<br \/>\nGli incontri di terranno ogni quarto marted\u00ec del mese a partire da ottobre presso il salone<br \/>\nparrocchiale di Sant\u2019Agostino dalle ore 19,45 alle ore 20.45. Di seguito si riportano le date dei primi<br \/>\nincontri:<br \/>\nmarted\u00ec 22 ottobre 2024<br \/>\nmarted\u00ec 26 novembre 2024<br \/>\nmarted\u00ec 17 dicembre 2024<br \/>\nmarted\u00ec 22 gennaio 2025<br \/>\nmarted\u00ec 26 febbraio 2025<br \/>\nSiamo convinti che l\u2019annuncio della gioia del Vangelo avr\u00e0 tanta pi\u00f9 forza, quanto pi\u00f9 sar\u00e0<br \/>\nconiugato al dialogo con tutti ed da un ascolto repiproco. Certi che accoglierete questa iniziativa, vi<br \/>\nesortiamo a non lasciarvi sfuggire questo momento di crescita e sinodale comunione.<br \/>\nDon Roberto Vaccariello, Antonella Loffredo don Emanuele Tupputi<br \/>\nParroco di Sant\u2019Agostino Coordinatrice diocesana MCC Animatore Spirituale MC<\/p>\n","protected":false},"excerpt":{"rendered":"<p>\u00abGuardare al futuro con speranza equivale anche ad avere una visione della vita carica di entusiasmo da trasmettere\u00bb, (Bolla d\u2019indizione del Giubileo 2025, Spes non confundit, n. 9). Alla luce di queste significative parole ed in un momento storico complesso e carico di contraddizioni, ma anche di inedite opportunit\u00e0 per il Vangelo e per la Chiesa, il Movimento diocesano dei Cursillos di Cristianit\u00e0 (MCC), in &hellip; <a href=\"https:\/\/www.arcidiocesitrani.it\/aggregazionilaicali\/incontri-di-catechesi-chiamati-ad-essere-testimonidi-fede-esperanza\/\" class=\"more-link\">Continua a leggere <span class=\"screen-reader-text\"><\/span> <span class=\"meta-nav\">&raquo;<\/span><\/a><\/p>\n","protected":false},"author":9,"featured_media":851,"comment_status":"closed","ping_status":"closed","sticky":false,"template":"","format":"standard","meta":{"_acf_changed":false,"ip_address":"","user_agent":"","level":"","revision":"","cookie_id":"","page_referer":"","html_form":"","footnotes":""},"categories":[1],"tags":[],"acf":[],"_links":{"self":[{"href":"https:\/\/www.arcidiocesitrani.it\/aggregazionilaicali\/wp-json\/wp\/v2\/posts\/850"}],"collection":[{"href":"https:\/\/www.arcidiocesitrani.it\/aggregazionilaicali\/wp-json\/wp\/v2\/posts"}],"about":[{"href":"https:\/\/www.arcidiocesitrani.it\/aggregazionilaicali\/wp-json\/wp\/v2\/types\/post"}],"author":[{"embeddable":true,"href":"https:\/\/www.arcidiocesitrani.it\/aggregazionilaicali\/wp-json\/wp\/v2\/users\/9"}],"replies":[{"embeddable":true,"href":"https:\/\/www.arcidiocesitrani.it\/aggregazionilaicali\/wp-json\/wp\/v2\/comments?post=850"}],"version-history":[{"count":1,"href":"https:\/\/www.arcidiocesitrani.it\/aggregazionilaicali\/wp-json\/wp\/v2\/posts\/850\/revisions"}],"predecessor-version":[{"id":852,"href":"https:\/\/www.arcidiocesitrani.it\/aggregazionilaicali\/wp-json\/wp\/v2\/posts\/850\/revisions\/852"}],"wp:featuredmedia":[{"embeddable":true,"href":"https:\/\/www.arcidiocesitrani.it\/aggregazionilaicali\/wp-json\/wp\/v2\/media\/851"}],"wp:attachment":[{"href":"https:\/\/www.arcidiocesitrani.it\/aggregazionilaicali\/wp-json\/wp\/v2\/media?parent=850"}],"wp:term":[{"taxonomy":"category","embeddable":true,"href":"https:\/\/www.arcidiocesitrani.it\/aggregazionilaicali\/wp-json\/wp\/v2\/categories?post=850"},{"taxonomy":"post_tag","embeddable":true,"href":"https:\/\/www.arcidiocesitrani.it\/aggregazionilaicali\/wp-json\/wp\/v2\/tags?post=850"}],"curies":[{"name":"wp","href":"https:\/\/api.w.org\/{rel}","templated":true}]}}