{"id":883,"date":"2025-01-07T18:38:47","date_gmt":"2025-01-07T17:38:47","guid":{"rendered":"https:\/\/www.arcidiocesitrani.it\/aggregazionilaicali\/artigiani-di-pace-a-bisceglie-laboratorio-formativo-di-riflessione-sul-messaggio-per-la-58-giornata-mondiale-per-la-pace\/"},"modified":"2025-01-21T17:00:54","modified_gmt":"2025-01-21T16:00:54","slug":"artigiani-di-pace-a-bisceglie-laboratorio-formativo-di-riflessione-sul-messaggio-per-la-58-giornata-mondiale-per-la-pace","status":"publish","type":"post","link":"https:\/\/www.arcidiocesitrani.it\/aggregazionilaicali\/artigiani-di-pace-a-bisceglie-laboratorio-formativo-di-riflessione-sul-messaggio-per-la-58-giornata-mondiale-per-la-pace\/","title":{"rendered":"ARTIGIANI &#8230; DI PACE: A BISCEGLIE LABORATORIO FORMATIVO DI RIFLESSIONE SUL MESSAGGIO PER LA 58^ GIORNATA MONDIALE PER LA PACE"},"content":{"rendered":"<span class=\"synved-social-container synved-social-container-share\"><a class=\"synved-social-button synved-social-button-share synved-social-size-16 synved-social-resolution-single synved-social-provider-facebook nolightbox\" data-provider=\"facebook\" target=\"_blank\" rel=\"nofollow\" title=\"Share on Facebook\" href=\"https:\/\/www.facebook.com\/sharer.php?u=https%3A%2F%2Fwww.arcidiocesitrani.it%2Faggregazionilaicali%2Fwp-json%2Fwp%2Fv2%2Fposts%2F883&#038;t=ARTIGIANI%20%E2%80%A6%20DI%20PACE%3A%20A%20BISCEGLIE%20LABORATORIO%20FORMATIVO%20DI%20RIFLESSIONE%20SUL%20MESSAGGIO%20PER%20LA%2058%5E%20GIORNATA%20MONDIALE%20PER%20LA%20PACE&#038;s=100&#038;p&#091;url&#093;=https%3A%2F%2Fwww.arcidiocesitrani.it%2Faggregazionilaicali%2Fwp-json%2Fwp%2Fv2%2Fposts%2F883&#038;p&#091;images&#093;&#091;0&#093;=https%3A%2F%2Fwww.arcidiocesitrani.it%2Faggregazionilaicali%2Fwp-content%2Fuploads%2Fsites%2F25%2F2025%2F01%2FArtigiani-di-pace_Locandina.jpg&#038;p&#091;title&#093;=ARTIGIANI%20%E2%80%A6%20DI%20PACE%3A%20A%20BISCEGLIE%20LABORATORIO%20FORMATIVO%20DI%20RIFLESSIONE%20SUL%20MESSAGGIO%20PER%20LA%2058%5E%20GIORNATA%20MONDIALE%20PER%20LA%20PACE\" style=\"font-size: 0px;width:16px;height:16px;margin:0;margin-bottom:5px;margin-right:5px\"><img loading=\"lazy\" decoding=\"async\" alt=\"Facebook\" title=\"Share on Facebook\" class=\"synved-share-image synved-social-image synved-social-image-share\" width=\"16\" height=\"16\" style=\"display: inline;width:16px;height:16px;margin: 0;padding: 0;border: none;box-shadow: none\" src=\"https:\/\/www.arcidiocesitrani.it\/aggregazionilaicali\/wp-content\/plugins\/social-media-feather\/synved-social\/image\/social\/regular\/32x32\/facebook.png\" \/><\/a><a class=\"synved-social-button synved-social-button-share synved-social-size-16 synved-social-resolution-single synved-social-provider-twitter nolightbox\" data-provider=\"twitter\" target=\"_blank\" rel=\"nofollow\" title=\"Share on Twitter\" href=\"https:\/\/twitter.com\/intent\/tweet?url=https%3A%2F%2Fwww.arcidiocesitrani.it%2Faggregazionilaicali%2Fwp-json%2Fwp%2Fv2%2Fposts%2F883&#038;text=Hey%20check%20this%20out\" style=\"font-size: 0px;width:16px;height:16px;margin:0;margin-bottom:5px;margin-right:5px\"><img loading=\"lazy\" decoding=\"async\" alt=\"twitter\" title=\"Share on Twitter\" class=\"synved-share-image synved-social-image synved-social-image-share\" width=\"16\" height=\"16\" style=\"display: inline;width:16px;height:16px;margin: 0;padding: 0;border: none;box-shadow: none\" src=\"https:\/\/www.arcidiocesitrani.it\/aggregazionilaicali\/wp-content\/plugins\/social-media-feather\/synved-social\/image\/social\/regular\/32x32\/twitter.png\" \/><\/a><a class=\"synved-social-button synved-social-button-share synved-social-size-16 synved-social-resolution-single synved-social-provider-reddit nolightbox\" data-provider=\"reddit\" target=\"_blank\" rel=\"nofollow\" title=\"Share on Reddit\" href=\"https:\/\/www.reddit.com\/submit?url=https%3A%2F%2Fwww.arcidiocesitrani.it%2Faggregazionilaicali%2Fwp-json%2Fwp%2Fv2%2Fposts%2F883&#038;title=ARTIGIANI%20%E2%80%A6%20DI%20PACE%3A%20A%20BISCEGLIE%20LABORATORIO%20FORMATIVO%20DI%20RIFLESSIONE%20SUL%20MESSAGGIO%20PER%20LA%2058%5E%20GIORNATA%20MONDIALE%20PER%20LA%20PACE\" style=\"font-size: 0px;width:16px;height:16px;margin:0;margin-bottom:5px;margin-right:5px\"><img loading=\"lazy\" decoding=\"async\" alt=\"reddit\" title=\"Share on Reddit\" class=\"synved-share-image synved-social-image synved-social-image-share\" width=\"16\" height=\"16\" style=\"display: inline;width:16px;height:16px;margin: 0;padding: 0;border: none;box-shadow: none\" src=\"https:\/\/www.arcidiocesitrani.it\/aggregazionilaicali\/wp-content\/plugins\/social-media-feather\/synved-social\/image\/social\/regular\/32x32\/reddit.png\" \/><\/a><a class=\"synved-social-button synved-social-button-share synved-social-size-16 synved-social-resolution-single synved-social-provider-pinterest nolightbox\" data-provider=\"pinterest\" target=\"_blank\" rel=\"nofollow\" title=\"Pin it with Pinterest\" href=\"https:\/\/pinterest.com\/pin\/create\/button\/?url=https%3A%2F%2Fwww.arcidiocesitrani.it%2Faggregazionilaicali%2Fwp-json%2Fwp%2Fv2%2Fposts%2F883&#038;media=https%3A%2F%2Fwww.arcidiocesitrani.it%2Faggregazionilaicali%2Fwp-content%2Fuploads%2Fsites%2F25%2F2025%2F01%2FArtigiani-di-pace_Locandina.jpg&#038;description=ARTIGIANI%20%E2%80%A6%20DI%20PACE%3A%20A%20BISCEGLIE%20LABORATORIO%20FORMATIVO%20DI%20RIFLESSIONE%20SUL%20MESSAGGIO%20PER%20LA%2058%5E%20GIORNATA%20MONDIALE%20PER%20LA%20PACE\" style=\"font-size: 0px;width:16px;height:16px;margin:0;margin-bottom:5px;margin-right:5px\"><img loading=\"lazy\" decoding=\"async\" alt=\"pinterest\" title=\"Pin it with Pinterest\" class=\"synved-share-image synved-social-image synved-social-image-share\" width=\"16\" height=\"16\" style=\"display: inline;width:16px;height:16px;margin: 0;padding: 0;border: none;box-shadow: none\" src=\"https:\/\/www.arcidiocesitrani.it\/aggregazionilaicali\/wp-content\/plugins\/social-media-feather\/synved-social\/image\/social\/regular\/32x32\/pinterest.png\" \/><\/a><a class=\"synved-social-button synved-social-button-share synved-social-size-16 synved-social-resolution-single synved-social-provider-linkedin nolightbox\" data-provider=\"linkedin\" target=\"_blank\" rel=\"nofollow\" title=\"Share on Linkedin\" href=\"https:\/\/www.linkedin.com\/shareArticle?mini=true&#038;url=https%3A%2F%2Fwww.arcidiocesitrani.it%2Faggregazionilaicali%2Fwp-json%2Fwp%2Fv2%2Fposts%2F883&#038;title=ARTIGIANI%20%E2%80%A6%20DI%20PACE%3A%20A%20BISCEGLIE%20LABORATORIO%20FORMATIVO%20DI%20RIFLESSIONE%20SUL%20MESSAGGIO%20PER%20LA%2058%5E%20GIORNATA%20MONDIALE%20PER%20LA%20PACE\" style=\"font-size: 0px;width:16px;height:16px;margin:0;margin-bottom:5px;margin-right:5px\"><img loading=\"lazy\" decoding=\"async\" alt=\"linkedin\" title=\"Share on Linkedin\" class=\"synved-share-image synved-social-image synved-social-image-share\" width=\"16\" height=\"16\" style=\"display: inline;width:16px;height:16px;margin: 0;padding: 0;border: none;box-shadow: none\" src=\"https:\/\/www.arcidiocesitrani.it\/aggregazionilaicali\/wp-content\/plugins\/social-media-feather\/synved-social\/image\/social\/regular\/32x32\/linkedin.png\" \/><\/a><a class=\"synved-social-button synved-social-button-share synved-social-size-16 synved-social-resolution-single synved-social-provider-mail nolightbox\" data-provider=\"mail\" rel=\"nofollow\" title=\"Share by email\" href=\"mailto:?subject=ARTIGIANI%20%E2%80%A6%20DI%20PACE%3A%20A%20BISCEGLIE%20LABORATORIO%20FORMATIVO%20DI%20RIFLESSIONE%20SUL%20MESSAGGIO%20PER%20LA%2058%5E%20GIORNATA%20MONDIALE%20PER%20LA%20PACE&#038;body=Hey%20check%20this%20out:%20https%3A%2F%2Fwww.arcidiocesitrani.it%2Faggregazionilaicali%2Fwp-json%2Fwp%2Fv2%2Fposts%2F883\" style=\"font-size: 0px;width:16px;height:16px;margin:0;margin-bottom:5px\"><img loading=\"lazy\" decoding=\"async\" alt=\"mail\" title=\"Share by email\" class=\"synved-share-image synved-social-image synved-social-image-share\" width=\"16\" height=\"16\" style=\"display: inline;width:16px;height:16px;margin: 0;padding: 0;border: none;box-shadow: none\" src=\"https:\/\/www.arcidiocesitrani.it\/aggregazionilaicali\/wp-content\/plugins\/social-media-feather\/synved-social\/image\/social\/regular\/32x32\/mail.png\" \/><\/a><\/span><p><a href=\"https:\/\/youtu.be\/b7IuTiJvMfM\" data-rel=\"lightbox-video-0\"><img loading=\"lazy\" decoding=\"async\" class=\"alignnone wp-image-84641\" src=\"https:\/\/www.arcidiocesitrani.it\/wp-content\/uploads\/sites\/2\/2023\/07\/play-senza-sfondo.png\" alt=\"\" width=\"158\" height=\"63\" \/><\/a>GUARDA IL VIDEO SERVIZIO<\/p>\n<p>Il 14 gennaio alle ore 19:30, presso l&#8217;Auditorium Don Pierino Arcieri (c\/o EPASS) a Bisceglie, si terr\u00e0 l&#8217;incontro di riflessione sul Messaggio di Pace di Papa Francesco: &#8220;Rimetti a noi i nostri debiti, donaci la pace&#8221;.<\/p>\n<p>L&#8217;iniziativa \u00e8 promossa dall&#8217;Ufficio diocesano per i problemi sociali e il lavoro, dall&#8217;Azione Cattolica diocesana, dal Progetto Policoro e da Pax Christi.<\/p>\n<p>Per partecipare, \u00e8 necessario compilare il modulo di iscrizione disponibile. Tutta la comunit\u00e0 ecclesiale e civile \u00e8 invitata a partecipare e riflettere su questo tema fondamentale per la pace, pilastro della vita della famiglia umana e del creato.<\/p>\n<p>Vi\u00a0aspettiamo!<\/p>\n<p><strong><a href=\"https:\/\/docs.google.com\/forms\/d\/1DOZ7t5NsVQBZsyVwLKCdVRSO4G4BTp4gl-jJhv0W8DM\/edit?usp=drivesdk\">PER L&#8217;ISCRIZIONE<\/a>\u00a0<\/strong><\/p>\n","protected":false},"excerpt":{"rendered":"<p>GUARDA IL VIDEO SERVIZIO Il 14 gennaio alle ore 19:30, presso l&#8217;Auditorium Don Pierino Arcieri (c\/o EPASS) a Bisceglie, si terr\u00e0 l&#8217;incontro di riflessione sul Messaggio di Pace di Papa Francesco: &#8220;Rimetti a noi i nostri debiti, donaci la pace&#8221;. L&#8217;iniziativa \u00e8 promossa dall&#8217;Ufficio diocesano per i problemi sociali e il lavoro, dall&#8217;Azione Cattolica diocesana, dal Progetto Policoro e da Pax Christi. Per partecipare, \u00e8 &hellip; <a href=\"https:\/\/www.arcidiocesitrani.it\/aggregazionilaicali\/artigiani-di-pace-a-bisceglie-laboratorio-formativo-di-riflessione-sul-messaggio-per-la-58-giornata-mondiale-per-la-pace\/\" class=\"more-link\">Continua a leggere <span class=\"screen-reader-text\"><\/span> <span class=\"meta-nav\">&raquo;<\/span><\/a><\/p>\n","protected":false},"author":10,"featured_media":884,"comment_status":"closed","ping_status":"closed","sticky":false,"template":"","format":"standard","meta":{"_acf_changed":false,"ip_address":"","user_agent":"","level":"","revision":"","cookie_id":"","page_referer":"","html_form":"","footnotes":""},"categories":[1],"tags":[],"acf":[],"_links":{"self":[{"href":"https:\/\/www.arcidiocesitrani.it\/aggregazionilaicali\/wp-json\/wp\/v2\/posts\/883"}],"collection":[{"href":"https:\/\/www.arcidiocesitrani.it\/aggregazionilaicali\/wp-json\/wp\/v2\/posts"}],"about":[{"href":"https:\/\/www.arcidiocesitrani.it\/aggregazionilaicali\/wp-json\/wp\/v2\/types\/post"}],"author":[{"embeddable":true,"href":"https:\/\/www.arcidiocesitrani.it\/aggregazionilaicali\/wp-json\/wp\/v2\/users\/10"}],"replies":[{"embeddable":true,"href":"https:\/\/www.arcidiocesitrani.it\/aggregazionilaicali\/wp-json\/wp\/v2\/comments?post=883"}],"version-history":[{"count":2,"href":"https:\/\/www.arcidiocesitrani.it\/aggregazionilaicali\/wp-json\/wp\/v2\/posts\/883\/revisions"}],"predecessor-version":[{"id":886,"href":"https:\/\/www.arcidiocesitrani.it\/aggregazionilaicali\/wp-json\/wp\/v2\/posts\/883\/revisions\/886"}],"wp:featuredmedia":[{"embeddable":true,"href":"https:\/\/www.arcidiocesitrani.it\/aggregazionilaicali\/wp-json\/wp\/v2\/media\/884"}],"wp:attachment":[{"href":"https:\/\/www.arcidiocesitrani.it\/aggregazionilaicali\/wp-json\/wp\/v2\/media?parent=883"}],"wp:term":[{"taxonomy":"category","embeddable":true,"href":"https:\/\/www.arcidiocesitrani.it\/aggregazionilaicali\/wp-json\/wp\/v2\/categories?post=883"},{"taxonomy":"post_tag","embeddable":true,"href":"https:\/\/www.arcidiocesitrani.it\/aggregazionilaicali\/wp-json\/wp\/v2\/tags?post=883"}],"curies":[{"name":"wp","href":"https:\/\/api.w.org\/{rel}","templated":true}]}}