{"id":893,"date":"2025-02-11T17:20:48","date_gmt":"2025-02-11T16:20:48","guid":{"rendered":"https:\/\/www.arcidiocesitrani.it\/aggregazionilaicali\/laboratorio-della-formazione-a-cura-dellacr-diocesana\/"},"modified":"2025-02-11T17:52:14","modified_gmt":"2025-02-11T16:52:14","slug":"laboratorio-della-formazione-a-cura-dellacr-diocesana","status":"publish","type":"post","link":"https:\/\/www.arcidiocesitrani.it\/aggregazionilaicali\/laboratorio-della-formazione-a-cura-dellacr-diocesana\/","title":{"rendered":"LABORATORIO DELLA FORMAZIONE A CURA DELL&#8217;ACR DIOCESANA"},"content":{"rendered":"<span class=\"synved-social-container synved-social-container-share\"><a class=\"synved-social-button synved-social-button-share synved-social-size-16 synved-social-resolution-single synved-social-provider-facebook nolightbox\" data-provider=\"facebook\" target=\"_blank\" rel=\"nofollow\" title=\"Share on Facebook\" href=\"https:\/\/www.facebook.com\/sharer.php?u=https%3A%2F%2Fwww.arcidiocesitrani.it%2Faggregazionilaicali%2Fwp-json%2Fwp%2Fv2%2Fposts%2F893&#038;t=LABORATORIO%20DELLA%20FORMAZIONE%20A%20CURA%20DELL%E2%80%99ACR%20DIOCESANA&#038;s=100&#038;p&#091;url&#093;=https%3A%2F%2Fwww.arcidiocesitrani.it%2Faggregazionilaicali%2Fwp-json%2Fwp%2Fv2%2Fposts%2F893&#038;p&#091;images&#093;&#091;0&#093;=https%3A%2F%2Fwww.arcidiocesitrani.it%2Faggregazionilaicali%2Fwp-content%2Fuploads%2Fsites%2F25%2F2025%2F02%2F2025.02.17.laboratorio-di-formazione-di-AC.jpg&#038;p&#091;title&#093;=LABORATORIO%20DELLA%20FORMAZIONE%20A%20CURA%20DELL%E2%80%99ACR%20DIOCESANA\" style=\"font-size: 0px;width:16px;height:16px;margin:0;margin-bottom:5px;margin-right:5px\"><img loading=\"lazy\" decoding=\"async\" alt=\"Facebook\" title=\"Share on Facebook\" class=\"synved-share-image synved-social-image synved-social-image-share\" width=\"16\" height=\"16\" style=\"display: inline;width:16px;height:16px;margin: 0;padding: 0;border: none;box-shadow: none\" src=\"https:\/\/www.arcidiocesitrani.it\/aggregazionilaicali\/wp-content\/plugins\/social-media-feather\/synved-social\/image\/social\/regular\/32x32\/facebook.png\" \/><\/a><a class=\"synved-social-button synved-social-button-share synved-social-size-16 synved-social-resolution-single synved-social-provider-twitter nolightbox\" data-provider=\"twitter\" target=\"_blank\" rel=\"nofollow\" title=\"Share on Twitter\" href=\"https:\/\/twitter.com\/intent\/tweet?url=https%3A%2F%2Fwww.arcidiocesitrani.it%2Faggregazionilaicali%2Fwp-json%2Fwp%2Fv2%2Fposts%2F893&#038;text=Hey%20check%20this%20out\" style=\"font-size: 0px;width:16px;height:16px;margin:0;margin-bottom:5px;margin-right:5px\"><img loading=\"lazy\" decoding=\"async\" alt=\"twitter\" title=\"Share on Twitter\" class=\"synved-share-image synved-social-image synved-social-image-share\" width=\"16\" height=\"16\" style=\"display: inline;width:16px;height:16px;margin: 0;padding: 0;border: none;box-shadow: none\" src=\"https:\/\/www.arcidiocesitrani.it\/aggregazionilaicali\/wp-content\/plugins\/social-media-feather\/synved-social\/image\/social\/regular\/32x32\/twitter.png\" \/><\/a><a class=\"synved-social-button synved-social-button-share synved-social-size-16 synved-social-resolution-single synved-social-provider-reddit nolightbox\" data-provider=\"reddit\" target=\"_blank\" rel=\"nofollow\" title=\"Share on Reddit\" href=\"https:\/\/www.reddit.com\/submit?url=https%3A%2F%2Fwww.arcidiocesitrani.it%2Faggregazionilaicali%2Fwp-json%2Fwp%2Fv2%2Fposts%2F893&#038;title=LABORATORIO%20DELLA%20FORMAZIONE%20A%20CURA%20DELL%E2%80%99ACR%20DIOCESANA\" style=\"font-size: 0px;width:16px;height:16px;margin:0;margin-bottom:5px;margin-right:5px\"><img loading=\"lazy\" decoding=\"async\" alt=\"reddit\" title=\"Share on Reddit\" class=\"synved-share-image synved-social-image synved-social-image-share\" width=\"16\" height=\"16\" style=\"display: inline;width:16px;height:16px;margin: 0;padding: 0;border: none;box-shadow: none\" src=\"https:\/\/www.arcidiocesitrani.it\/aggregazionilaicali\/wp-content\/plugins\/social-media-feather\/synved-social\/image\/social\/regular\/32x32\/reddit.png\" \/><\/a><a class=\"synved-social-button synved-social-button-share synved-social-size-16 synved-social-resolution-single synved-social-provider-pinterest nolightbox\" data-provider=\"pinterest\" target=\"_blank\" rel=\"nofollow\" title=\"Pin it with Pinterest\" href=\"https:\/\/pinterest.com\/pin\/create\/button\/?url=https%3A%2F%2Fwww.arcidiocesitrani.it%2Faggregazionilaicali%2Fwp-json%2Fwp%2Fv2%2Fposts%2F893&#038;media=https%3A%2F%2Fwww.arcidiocesitrani.it%2Faggregazionilaicali%2Fwp-content%2Fuploads%2Fsites%2F25%2F2025%2F02%2F2025.02.17.laboratorio-di-formazione-di-AC.jpg&#038;description=LABORATORIO%20DELLA%20FORMAZIONE%20A%20CURA%20DELL%E2%80%99ACR%20DIOCESANA\" style=\"font-size: 0px;width:16px;height:16px;margin:0;margin-bottom:5px;margin-right:5px\"><img loading=\"lazy\" decoding=\"async\" alt=\"pinterest\" title=\"Pin it with Pinterest\" class=\"synved-share-image synved-social-image synved-social-image-share\" width=\"16\" height=\"16\" style=\"display: inline;width:16px;height:16px;margin: 0;padding: 0;border: none;box-shadow: none\" src=\"https:\/\/www.arcidiocesitrani.it\/aggregazionilaicali\/wp-content\/plugins\/social-media-feather\/synved-social\/image\/social\/regular\/32x32\/pinterest.png\" \/><\/a><a class=\"synved-social-button synved-social-button-share synved-social-size-16 synved-social-resolution-single synved-social-provider-linkedin nolightbox\" data-provider=\"linkedin\" target=\"_blank\" rel=\"nofollow\" title=\"Share on Linkedin\" href=\"https:\/\/www.linkedin.com\/shareArticle?mini=true&#038;url=https%3A%2F%2Fwww.arcidiocesitrani.it%2Faggregazionilaicali%2Fwp-json%2Fwp%2Fv2%2Fposts%2F893&#038;title=LABORATORIO%20DELLA%20FORMAZIONE%20A%20CURA%20DELL%E2%80%99ACR%20DIOCESANA\" style=\"font-size: 0px;width:16px;height:16px;margin:0;margin-bottom:5px;margin-right:5px\"><img loading=\"lazy\" decoding=\"async\" alt=\"linkedin\" title=\"Share on Linkedin\" class=\"synved-share-image synved-social-image synved-social-image-share\" width=\"16\" height=\"16\" style=\"display: inline;width:16px;height:16px;margin: 0;padding: 0;border: none;box-shadow: none\" src=\"https:\/\/www.arcidiocesitrani.it\/aggregazionilaicali\/wp-content\/plugins\/social-media-feather\/synved-social\/image\/social\/regular\/32x32\/linkedin.png\" \/><\/a><a class=\"synved-social-button synved-social-button-share synved-social-size-16 synved-social-resolution-single synved-social-provider-mail nolightbox\" data-provider=\"mail\" rel=\"nofollow\" title=\"Share by email\" href=\"mailto:?subject=LABORATORIO%20DELLA%20FORMAZIONE%20A%20CURA%20DELL%E2%80%99ACR%20DIOCESANA&#038;body=Hey%20check%20this%20out:%20https%3A%2F%2Fwww.arcidiocesitrani.it%2Faggregazionilaicali%2Fwp-json%2Fwp%2Fv2%2Fposts%2F893\" style=\"font-size: 0px;width:16px;height:16px;margin:0;margin-bottom:5px\"><img loading=\"lazy\" decoding=\"async\" alt=\"mail\" title=\"Share by email\" class=\"synved-share-image synved-social-image synved-social-image-share\" width=\"16\" height=\"16\" style=\"display: inline;width:16px;height:16px;margin: 0;padding: 0;border: none;box-shadow: none\" src=\"https:\/\/www.arcidiocesitrani.it\/aggregazionilaicali\/wp-content\/plugins\/social-media-feather\/synved-social\/image\/social\/regular\/32x32\/mail.png\" \/><\/a><\/span><p>Laboratorio della formazione a cura dell\u2019ACR diocesana<\/p>\n<p>Luned\u00ec 17 Febbraio alle 19:30, presso la parrocchia Santissimi Angeli Custodi in Trani, si svolger\u00e0 il Laboratorio Diocesano della Formazione organizzato dall\u2019articolazione Acr, dal titolo \u201cCredi in me?\u201d.<\/p>\n<p>L\u2019appuntamento, pensato per gli educatori Acr, sar\u00e0 tenuto da Valeria Losapio, psicologa clinica ad orientamento breve strategico. Avr\u00e0 un\u2019impronta esperienziale e il filo conduttore del laboratorio sar\u00e0 la fiducia con un breve approfondimento sulla tematica delle disabilit\u00e0.<br \/>\nIl paragrafo 2, capitolo 1 del Progetto formativo dell\u2019Ac specifica che il termine formazione sembra potersi riferire ad un\u2019azione che d\u00e0 forma. La formazione \u00e8 un&#8217;esperienza attraverso la quale una persona prende fisionomia: diviene se stessa e assume la sua originale identit\u00e0 che si esprime nelle scelte, negli atteggiamenti, nei comportamenti, nello stile di vita. Formazione \u00e8 dare alla vita la forma del volto di Ges\u00f9, modello e vocazione di ogni persona. Essa \u00e8 un&#8217;azione interiore che libera le energie della coscienza, nel dialogo misterioso con lo Spirito del Risorto che vive in noi.<br \/>\nEd \u00e8 per ci\u00f2 che l\u2019equipe diocesana Acr, insieme a Valeria, ha pensato a questo laboratorio partendo dalla fiducia che lega i rapporti umani.<\/p>\n","protected":false},"excerpt":{"rendered":"<p>Laboratorio della formazione a cura dell\u2019ACR diocesana Luned\u00ec 17 Febbraio alle 19:30, presso la parrocchia Santissimi Angeli Custodi in Trani, si svolger\u00e0 il Laboratorio Diocesano della Formazione organizzato dall\u2019articolazione Acr, dal titolo \u201cCredi in me?\u201d. L\u2019appuntamento, pensato per gli educatori Acr, sar\u00e0 tenuto da Valeria Losapio, psicologa clinica ad orientamento breve strategico. Avr\u00e0 un\u2019impronta esperienziale e il filo conduttore del laboratorio sar\u00e0 la fiducia con &hellip; <a href=\"https:\/\/www.arcidiocesitrani.it\/aggregazionilaicali\/laboratorio-della-formazione-a-cura-dellacr-diocesana\/\" class=\"more-link\">Continua a leggere <span class=\"screen-reader-text\"><\/span> <span class=\"meta-nav\">&raquo;<\/span><\/a><\/p>\n","protected":false},"author":10,"featured_media":894,"comment_status":"closed","ping_status":"closed","sticky":false,"template":"","format":"standard","meta":{"_acf_changed":false,"ip_address":"","user_agent":"","level":"","revision":"","cookie_id":"","page_referer":"","html_form":"","footnotes":""},"categories":[8,7],"tags":[],"acf":[],"_links":{"self":[{"href":"https:\/\/www.arcidiocesitrani.it\/aggregazionilaicali\/wp-json\/wp\/v2\/posts\/893"}],"collection":[{"href":"https:\/\/www.arcidiocesitrani.it\/aggregazionilaicali\/wp-json\/wp\/v2\/posts"}],"about":[{"href":"https:\/\/www.arcidiocesitrani.it\/aggregazionilaicali\/wp-json\/wp\/v2\/types\/post"}],"author":[{"embeddable":true,"href":"https:\/\/www.arcidiocesitrani.it\/aggregazionilaicali\/wp-json\/wp\/v2\/users\/10"}],"replies":[{"embeddable":true,"href":"https:\/\/www.arcidiocesitrani.it\/aggregazionilaicali\/wp-json\/wp\/v2\/comments?post=893"}],"version-history":[{"count":1,"href":"https:\/\/www.arcidiocesitrani.it\/aggregazionilaicali\/wp-json\/wp\/v2\/posts\/893\/revisions"}],"predecessor-version":[{"id":895,"href":"https:\/\/www.arcidiocesitrani.it\/aggregazionilaicali\/wp-json\/wp\/v2\/posts\/893\/revisions\/895"}],"wp:featuredmedia":[{"embeddable":true,"href":"https:\/\/www.arcidiocesitrani.it\/aggregazionilaicali\/wp-json\/wp\/v2\/media\/894"}],"wp:attachment":[{"href":"https:\/\/www.arcidiocesitrani.it\/aggregazionilaicali\/wp-json\/wp\/v2\/media?parent=893"}],"wp:term":[{"taxonomy":"category","embeddable":true,"href":"https:\/\/www.arcidiocesitrani.it\/aggregazionilaicali\/wp-json\/wp\/v2\/categories?post=893"},{"taxonomy":"post_tag","embeddable":true,"href":"https:\/\/www.arcidiocesitrani.it\/aggregazionilaicali\/wp-json\/wp\/v2\/tags?post=893"}],"curies":[{"name":"wp","href":"https:\/\/api.w.org\/{rel}","templated":true}]}}