{"id":943,"date":"2025-09-06T12:13:47","date_gmt":"2025-09-06T10:13:47","guid":{"rendered":"https:\/\/www.arcidiocesitrani.it\/aggregazionilaicali\/avvio-dellanno-associativo-2025-2026-dellazione-cattolica-diocesana-a-bisceglie-la-giornata-unitaria-lazione-cattolica-diocesana-e-lieta-di-annunciare-lavvio-del-n\/"},"modified":"2025-09-08T09:08:15","modified_gmt":"2025-09-08T07:08:15","slug":"avvio-dellanno-associativo-2025-2026-dellazione-cattolica-diocesana-a-bisceglie-la-giornata-unitaria-lazione-cattolica-diocesana-e-lieta-di-annunciare-lavvio-del-n","status":"publish","type":"post","link":"https:\/\/www.arcidiocesitrani.it\/aggregazionilaicali\/avvio-dellanno-associativo-2025-2026-dellazione-cattolica-diocesana-a-bisceglie-la-giornata-unitaria-lazione-cattolica-diocesana-e-lieta-di-annunciare-lavvio-del-n\/","title":{"rendered":"AVVIO DELL\u2019ANNO ASSOCIATIVO 2025-2026 DELL\u2019AZIONE CATTOLICA DIOCESANA"},"content":{"rendered":"<span class=\"synved-social-container synved-social-container-share\"><a class=\"synved-social-button synved-social-button-share synved-social-size-16 synved-social-resolution-single synved-social-provider-facebook nolightbox\" data-provider=\"facebook\" target=\"_blank\" rel=\"nofollow\" title=\"Share on Facebook\" href=\"https:\/\/www.facebook.com\/sharer.php?u=https%3A%2F%2Fwww.arcidiocesitrani.it%2Faggregazionilaicali%2Fwp-json%2Fwp%2Fv2%2Fposts%2F943&#038;t=AVVIO%20DELL%E2%80%99ANNO%20ASSOCIATIVO%202025-2026%20DELL%E2%80%99AZIONE%20CATTOLICA%20DIOCESANA&#038;s=100&#038;p&#091;url&#093;=https%3A%2F%2Fwww.arcidiocesitrani.it%2Faggregazionilaicali%2Fwp-json%2Fwp%2Fv2%2Fposts%2F943&#038;p&#091;images&#093;&#091;0&#093;=https%3A%2F%2Fwww.arcidiocesitrani.it%2Faggregazionilaicali%2Fwp-content%2Fuploads%2Fsites%2F25%2F2025%2F09%2F2025.09.20.Giornata-Unitaria-di-AC.jpg&#038;p&#091;title&#093;=AVVIO%20DELL%E2%80%99ANNO%20ASSOCIATIVO%202025-2026%20DELL%E2%80%99AZIONE%20CATTOLICA%20DIOCESANA\" style=\"font-size: 0px;width:16px;height:16px;margin:0;margin-bottom:5px;margin-right:5px\"><img loading=\"lazy\" decoding=\"async\" alt=\"Facebook\" title=\"Share on Facebook\" class=\"synved-share-image synved-social-image synved-social-image-share\" width=\"16\" height=\"16\" style=\"display: inline;width:16px;height:16px;margin: 0;padding: 0;border: none;box-shadow: none\" src=\"https:\/\/www.arcidiocesitrani.it\/aggregazionilaicali\/wp-content\/plugins\/social-media-feather\/synved-social\/image\/social\/regular\/32x32\/facebook.png\" \/><\/a><a class=\"synved-social-button synved-social-button-share synved-social-size-16 synved-social-resolution-single synved-social-provider-twitter nolightbox\" data-provider=\"twitter\" target=\"_blank\" rel=\"nofollow\" title=\"Share on Twitter\" href=\"https:\/\/twitter.com\/intent\/tweet?url=https%3A%2F%2Fwww.arcidiocesitrani.it%2Faggregazionilaicali%2Fwp-json%2Fwp%2Fv2%2Fposts%2F943&#038;text=Hey%20check%20this%20out\" style=\"font-size: 0px;width:16px;height:16px;margin:0;margin-bottom:5px;margin-right:5px\"><img loading=\"lazy\" decoding=\"async\" alt=\"twitter\" title=\"Share on Twitter\" class=\"synved-share-image synved-social-image synved-social-image-share\" width=\"16\" height=\"16\" style=\"display: inline;width:16px;height:16px;margin: 0;padding: 0;border: none;box-shadow: none\" src=\"https:\/\/www.arcidiocesitrani.it\/aggregazionilaicali\/wp-content\/plugins\/social-media-feather\/synved-social\/image\/social\/regular\/32x32\/twitter.png\" \/><\/a><a class=\"synved-social-button synved-social-button-share synved-social-size-16 synved-social-resolution-single synved-social-provider-reddit nolightbox\" data-provider=\"reddit\" target=\"_blank\" rel=\"nofollow\" title=\"Share on Reddit\" href=\"https:\/\/www.reddit.com\/submit?url=https%3A%2F%2Fwww.arcidiocesitrani.it%2Faggregazionilaicali%2Fwp-json%2Fwp%2Fv2%2Fposts%2F943&#038;title=AVVIO%20DELL%E2%80%99ANNO%20ASSOCIATIVO%202025-2026%20DELL%E2%80%99AZIONE%20CATTOLICA%20DIOCESANA\" style=\"font-size: 0px;width:16px;height:16px;margin:0;margin-bottom:5px;margin-right:5px\"><img loading=\"lazy\" decoding=\"async\" alt=\"reddit\" title=\"Share on Reddit\" class=\"synved-share-image synved-social-image synved-social-image-share\" width=\"16\" height=\"16\" style=\"display: inline;width:16px;height:16px;margin: 0;padding: 0;border: none;box-shadow: none\" src=\"https:\/\/www.arcidiocesitrani.it\/aggregazionilaicali\/wp-content\/plugins\/social-media-feather\/synved-social\/image\/social\/regular\/32x32\/reddit.png\" \/><\/a><a class=\"synved-social-button synved-social-button-share synved-social-size-16 synved-social-resolution-single synved-social-provider-pinterest nolightbox\" data-provider=\"pinterest\" target=\"_blank\" rel=\"nofollow\" title=\"Pin it with Pinterest\" href=\"https:\/\/pinterest.com\/pin\/create\/button\/?url=https%3A%2F%2Fwww.arcidiocesitrani.it%2Faggregazionilaicali%2Fwp-json%2Fwp%2Fv2%2Fposts%2F943&#038;media=https%3A%2F%2Fwww.arcidiocesitrani.it%2Faggregazionilaicali%2Fwp-content%2Fuploads%2Fsites%2F25%2F2025%2F09%2F2025.09.20.Giornata-Unitaria-di-AC.jpg&#038;description=AVVIO%20DELL%E2%80%99ANNO%20ASSOCIATIVO%202025-2026%20DELL%E2%80%99AZIONE%20CATTOLICA%20DIOCESANA\" style=\"font-size: 0px;width:16px;height:16px;margin:0;margin-bottom:5px;margin-right:5px\"><img loading=\"lazy\" decoding=\"async\" alt=\"pinterest\" title=\"Pin it with Pinterest\" class=\"synved-share-image synved-social-image synved-social-image-share\" width=\"16\" height=\"16\" style=\"display: inline;width:16px;height:16px;margin: 0;padding: 0;border: none;box-shadow: none\" src=\"https:\/\/www.arcidiocesitrani.it\/aggregazionilaicali\/wp-content\/plugins\/social-media-feather\/synved-social\/image\/social\/regular\/32x32\/pinterest.png\" \/><\/a><a class=\"synved-social-button synved-social-button-share synved-social-size-16 synved-social-resolution-single synved-social-provider-linkedin nolightbox\" data-provider=\"linkedin\" target=\"_blank\" rel=\"nofollow\" title=\"Share on Linkedin\" href=\"https:\/\/www.linkedin.com\/shareArticle?mini=true&#038;url=https%3A%2F%2Fwww.arcidiocesitrani.it%2Faggregazionilaicali%2Fwp-json%2Fwp%2Fv2%2Fposts%2F943&#038;title=AVVIO%20DELL%E2%80%99ANNO%20ASSOCIATIVO%202025-2026%20DELL%E2%80%99AZIONE%20CATTOLICA%20DIOCESANA\" style=\"font-size: 0px;width:16px;height:16px;margin:0;margin-bottom:5px;margin-right:5px\"><img loading=\"lazy\" decoding=\"async\" alt=\"linkedin\" title=\"Share on Linkedin\" class=\"synved-share-image synved-social-image synved-social-image-share\" width=\"16\" height=\"16\" style=\"display: inline;width:16px;height:16px;margin: 0;padding: 0;border: none;box-shadow: none\" src=\"https:\/\/www.arcidiocesitrani.it\/aggregazionilaicali\/wp-content\/plugins\/social-media-feather\/synved-social\/image\/social\/regular\/32x32\/linkedin.png\" \/><\/a><a class=\"synved-social-button synved-social-button-share synved-social-size-16 synved-social-resolution-single synved-social-provider-mail nolightbox\" data-provider=\"mail\" rel=\"nofollow\" title=\"Share by email\" href=\"mailto:?subject=AVVIO%20DELL%E2%80%99ANNO%20ASSOCIATIVO%202025-2026%20DELL%E2%80%99AZIONE%20CATTOLICA%20DIOCESANA&#038;body=Hey%20check%20this%20out:%20https%3A%2F%2Fwww.arcidiocesitrani.it%2Faggregazionilaicali%2Fwp-json%2Fwp%2Fv2%2Fposts%2F943\" style=\"font-size: 0px;width:16px;height:16px;margin:0;margin-bottom:5px\"><img loading=\"lazy\" decoding=\"async\" alt=\"mail\" title=\"Share by email\" class=\"synved-share-image synved-social-image synved-social-image-share\" width=\"16\" height=\"16\" style=\"display: inline;width:16px;height:16px;margin: 0;padding: 0;border: none;box-shadow: none\" src=\"https:\/\/www.arcidiocesitrani.it\/aggregazionilaicali\/wp-content\/plugins\/social-media-feather\/synved-social\/image\/social\/regular\/32x32\/mail.png\" \/><\/a><\/span><p>&nbsp;<\/p>\n<p>L\u2019Azione Cattolica Diocesana \u00e8 lieta di annunciare l\u2019avvio del nuovo anno associativo 2025-2026, che si terr\u00e0 <strong>sabato 20 settembre 2025<\/strong>, presso la <strong>Parrocchia di Santa Caterina<\/strong> a Bisceglie, dalle <strong>ore 15:00 alle 20:00<\/strong>.<\/p>\n<p>\u00abL\u2019incontro \u00a0&#8211; si legge in una comunicazione della Presidenza diocesana di Azione Cattolica del 5 settembre &#8211; rappresenta un momento di preghiera, riflessione e condivisione per tutta l\u2019associazione, che, nella partecipazione alla vita associativa, esprime la cifra del senso di responsabilit\u00e0 degli aderenti di AC alla vita della Chiesa e del mondo. Sar\u00e0 un\u2019occasione per accogliere l\u2019icona biblica dell\u2019anno, <em>\u201cSignore, \u00e8 bello per noi essere qui!\u201d<\/em> (Mt 17,1-9), e lasciarsi interrogare dalla lectio di don Domenico Savio Pierro, Assistente Giovani dell\u2019AC, oltre che per presentare le attivit\u00e0, i progetti e le iniziative che accompagneranno gli aderenti durante l\u2019anno, favorendo un cammino di crescita spirituale e comunitario.<\/p>\n<p>Il verbo che accompagner\u00e0 l\u2019anno associativo \u00e8 \u201ccondividere\u201d. L\u2019associazione rifletter\u00e0 sull\u2019importanza della chiamata a una testimonianza autentica del Vangelo e a condividere la luce del Risorto nell\u2019ordinariet\u00e0 della vita.<\/p>\n<p>Il pomeriggio sar\u00e0 anche animato da momenti di presentazione dei vari ambiti in cui si esprime l\u2019associazione, dalla possibilit\u00e0 di confrontarsi con i Vicepresidenti dei Settori, con le responsabili dell\u2019Articolazione ACR e del MSAC, e dalla presentazione dei cammini.<\/p>\n<p>L\u2019iniziativa avr\u00e0 il suo culmine pi\u00f9 alto nella celebrazione eucaristica, che sar\u00e0 presieduta da don Pasquale Bovio, parroco della parrocchia di Santa Caterina da Siena in Bisceglie, e da don Domenico Savio Pierro.<\/p>\n<p>L\u2019Azione Cattolica invita le comunit\u00e0 parrocchiali a partecipare e a condividere questo momento importante e di rinnovato impegno\u00bb.<\/p>\n<p>&nbsp;<\/p>\n","protected":false},"excerpt":{"rendered":"<p>&nbsp; L\u2019Azione Cattolica Diocesana \u00e8 lieta di annunciare l\u2019avvio del nuovo anno associativo 2025-2026, che si terr\u00e0 sabato 20 settembre 2025, presso la Parrocchia di Santa Caterina a Bisceglie, dalle ore 15:00 alle 20:00. \u00abL\u2019incontro \u00a0&#8211; si legge in una comunicazione della Presidenza diocesana di Azione Cattolica del 5 settembre &#8211; rappresenta un momento di preghiera, riflessione e condivisione per tutta l\u2019associazione, che, nella partecipazione &hellip; <a href=\"https:\/\/www.arcidiocesitrani.it\/aggregazionilaicali\/avvio-dellanno-associativo-2025-2026-dellazione-cattolica-diocesana-a-bisceglie-la-giornata-unitaria-lazione-cattolica-diocesana-e-lieta-di-annunciare-lavvio-del-n\/\" class=\"more-link\">Continua a leggere <span class=\"screen-reader-text\"><\/span> <span class=\"meta-nav\">&raquo;<\/span><\/a><\/p>\n","protected":false},"author":10,"featured_media":944,"comment_status":"closed","ping_status":"closed","sticky":false,"template":"","format":"standard","meta":{"_acf_changed":false,"ip_address":"","user_agent":"","level":"","revision":"","cookie_id":"","page_referer":"","html_form":"","footnotes":""},"categories":[7],"tags":[],"acf":[],"_links":{"self":[{"href":"https:\/\/www.arcidiocesitrani.it\/aggregazionilaicali\/wp-json\/wp\/v2\/posts\/943"}],"collection":[{"href":"https:\/\/www.arcidiocesitrani.it\/aggregazionilaicali\/wp-json\/wp\/v2\/posts"}],"about":[{"href":"https:\/\/www.arcidiocesitrani.it\/aggregazionilaicali\/wp-json\/wp\/v2\/types\/post"}],"author":[{"embeddable":true,"href":"https:\/\/www.arcidiocesitrani.it\/aggregazionilaicali\/wp-json\/wp\/v2\/users\/10"}],"replies":[{"embeddable":true,"href":"https:\/\/www.arcidiocesitrani.it\/aggregazionilaicali\/wp-json\/wp\/v2\/comments?post=943"}],"version-history":[{"count":0,"href":"https:\/\/www.arcidiocesitrani.it\/aggregazionilaicali\/wp-json\/wp\/v2\/posts\/943\/revisions"}],"wp:featuredmedia":[{"embeddable":true,"href":"https:\/\/www.arcidiocesitrani.it\/aggregazionilaicali\/wp-json\/wp\/v2\/media\/944"}],"wp:attachment":[{"href":"https:\/\/www.arcidiocesitrani.it\/aggregazionilaicali\/wp-json\/wp\/v2\/media?parent=943"}],"wp:term":[{"taxonomy":"category","embeddable":true,"href":"https:\/\/www.arcidiocesitrani.it\/aggregazionilaicali\/wp-json\/wp\/v2\/categories?post=943"},{"taxonomy":"post_tag","embeddable":true,"href":"https:\/\/www.arcidiocesitrani.it\/aggregazionilaicali\/wp-json\/wp\/v2\/tags?post=943"}],"curies":[{"name":"wp","href":"https:\/\/api.w.org\/{rel}","templated":true}]}}