{"id":953,"date":"2025-10-02T06:15:41","date_gmt":"2025-10-02T04:15:41","guid":{"rendered":"https:\/\/www.arcidiocesitrani.it\/aggregazionilaicali\/verso-lalto-trasfigurati-per-scendere-la-missione-dellazione-cattolica\/"},"modified":"2025-10-02T15:51:37","modified_gmt":"2025-10-02T13:51:37","slug":"verso-lalto-trasfigurati-per-scendere-la-missione-dellazione-cattolica","status":"publish","type":"post","link":"https:\/\/www.arcidiocesitrani.it\/aggregazionilaicali\/verso-lalto-trasfigurati-per-scendere-la-missione-dellazione-cattolica\/","title":{"rendered":"\u201cVerso l&#8217;alto\u201d: Trasfigurati per Scendere: La missione dell&#8217;Azione\u00a0Cattolica"},"content":{"rendered":"<span class=\"synved-social-container synved-social-container-share\"><a class=\"synved-social-button synved-social-button-share synved-social-size-16 synved-social-resolution-single synved-social-provider-facebook nolightbox\" data-provider=\"facebook\" target=\"_blank\" rel=\"nofollow\" title=\"Share on Facebook\" href=\"https:\/\/www.facebook.com\/sharer.php?u=https%3A%2F%2Fwww.arcidiocesitrani.it%2Faggregazionilaicali%2Fwp-json%2Fwp%2Fv2%2Fposts%2F953&#038;t=%E2%80%9CVerso%20l%E2%80%99alto%E2%80%9D%3A%20Trasfigurati%20per%20Scendere%3A%20La%20missione%20dell%E2%80%99Azione%C2%A0Cattolica&#038;s=100&#038;p&#091;url&#093;=https%3A%2F%2Fwww.arcidiocesitrani.it%2Faggregazionilaicali%2Fwp-json%2Fwp%2Fv2%2Fposts%2F953&#038;p&#091;images&#093;&#091;0&#093;=https%3A%2F%2Fwww.arcidiocesitrani.it%2Faggregazionilaicali%2Fwp-content%2Fuploads%2Fsites%2F25%2F2025%2F10%2FAzione-Cattolica-Locandina.jpg&#038;p&#091;title&#093;=%E2%80%9CVerso%20l%E2%80%99alto%E2%80%9D%3A%20Trasfigurati%20per%20Scendere%3A%20La%20missione%20dell%E2%80%99Azione%C2%A0Cattolica\" style=\"font-size: 0px;width:16px;height:16px;margin:0;margin-bottom:5px;margin-right:5px\"><img loading=\"lazy\" decoding=\"async\" alt=\"Facebook\" title=\"Share on Facebook\" class=\"synved-share-image synved-social-image synved-social-image-share\" width=\"16\" height=\"16\" style=\"display: inline;width:16px;height:16px;margin: 0;padding: 0;border: none;box-shadow: none\" src=\"https:\/\/www.arcidiocesitrani.it\/aggregazionilaicali\/wp-content\/plugins\/social-media-feather\/synved-social\/image\/social\/regular\/32x32\/facebook.png\" \/><\/a><a class=\"synved-social-button synved-social-button-share synved-social-size-16 synved-social-resolution-single synved-social-provider-twitter nolightbox\" data-provider=\"twitter\" target=\"_blank\" rel=\"nofollow\" title=\"Share on Twitter\" href=\"https:\/\/twitter.com\/intent\/tweet?url=https%3A%2F%2Fwww.arcidiocesitrani.it%2Faggregazionilaicali%2Fwp-json%2Fwp%2Fv2%2Fposts%2F953&#038;text=Hey%20check%20this%20out\" style=\"font-size: 0px;width:16px;height:16px;margin:0;margin-bottom:5px;margin-right:5px\"><img loading=\"lazy\" decoding=\"async\" alt=\"twitter\" title=\"Share on Twitter\" class=\"synved-share-image synved-social-image synved-social-image-share\" width=\"16\" height=\"16\" style=\"display: inline;width:16px;height:16px;margin: 0;padding: 0;border: none;box-shadow: none\" src=\"https:\/\/www.arcidiocesitrani.it\/aggregazionilaicali\/wp-content\/plugins\/social-media-feather\/synved-social\/image\/social\/regular\/32x32\/twitter.png\" \/><\/a><a class=\"synved-social-button synved-social-button-share synved-social-size-16 synved-social-resolution-single synved-social-provider-reddit nolightbox\" data-provider=\"reddit\" target=\"_blank\" rel=\"nofollow\" title=\"Share on Reddit\" href=\"https:\/\/www.reddit.com\/submit?url=https%3A%2F%2Fwww.arcidiocesitrani.it%2Faggregazionilaicali%2Fwp-json%2Fwp%2Fv2%2Fposts%2F953&#038;title=%E2%80%9CVerso%20l%E2%80%99alto%E2%80%9D%3A%20Trasfigurati%20per%20Scendere%3A%20La%20missione%20dell%E2%80%99Azione%C2%A0Cattolica\" style=\"font-size: 0px;width:16px;height:16px;margin:0;margin-bottom:5px;margin-right:5px\"><img loading=\"lazy\" decoding=\"async\" alt=\"reddit\" title=\"Share on Reddit\" class=\"synved-share-image synved-social-image synved-social-image-share\" width=\"16\" height=\"16\" style=\"display: inline;width:16px;height:16px;margin: 0;padding: 0;border: none;box-shadow: none\" src=\"https:\/\/www.arcidiocesitrani.it\/aggregazionilaicali\/wp-content\/plugins\/social-media-feather\/synved-social\/image\/social\/regular\/32x32\/reddit.png\" \/><\/a><a class=\"synved-social-button synved-social-button-share synved-social-size-16 synved-social-resolution-single synved-social-provider-pinterest nolightbox\" data-provider=\"pinterest\" target=\"_blank\" rel=\"nofollow\" title=\"Pin it with Pinterest\" href=\"https:\/\/pinterest.com\/pin\/create\/button\/?url=https%3A%2F%2Fwww.arcidiocesitrani.it%2Faggregazionilaicali%2Fwp-json%2Fwp%2Fv2%2Fposts%2F953&#038;media=https%3A%2F%2Fwww.arcidiocesitrani.it%2Faggregazionilaicali%2Fwp-content%2Fuploads%2Fsites%2F25%2F2025%2F10%2FAzione-Cattolica-Locandina.jpg&#038;description=%E2%80%9CVerso%20l%E2%80%99alto%E2%80%9D%3A%20Trasfigurati%20per%20Scendere%3A%20La%20missione%20dell%E2%80%99Azione%C2%A0Cattolica\" style=\"font-size: 0px;width:16px;height:16px;margin:0;margin-bottom:5px;margin-right:5px\"><img loading=\"lazy\" decoding=\"async\" alt=\"pinterest\" title=\"Pin it with Pinterest\" class=\"synved-share-image synved-social-image synved-social-image-share\" width=\"16\" height=\"16\" style=\"display: inline;width:16px;height:16px;margin: 0;padding: 0;border: none;box-shadow: none\" src=\"https:\/\/www.arcidiocesitrani.it\/aggregazionilaicali\/wp-content\/plugins\/social-media-feather\/synved-social\/image\/social\/regular\/32x32\/pinterest.png\" \/><\/a><a class=\"synved-social-button synved-social-button-share synved-social-size-16 synved-social-resolution-single synved-social-provider-linkedin nolightbox\" data-provider=\"linkedin\" target=\"_blank\" rel=\"nofollow\" title=\"Share on Linkedin\" href=\"https:\/\/www.linkedin.com\/shareArticle?mini=true&#038;url=https%3A%2F%2Fwww.arcidiocesitrani.it%2Faggregazionilaicali%2Fwp-json%2Fwp%2Fv2%2Fposts%2F953&#038;title=%E2%80%9CVerso%20l%E2%80%99alto%E2%80%9D%3A%20Trasfigurati%20per%20Scendere%3A%20La%20missione%20dell%E2%80%99Azione%C2%A0Cattolica\" style=\"font-size: 0px;width:16px;height:16px;margin:0;margin-bottom:5px;margin-right:5px\"><img loading=\"lazy\" decoding=\"async\" alt=\"linkedin\" title=\"Share on Linkedin\" class=\"synved-share-image synved-social-image synved-social-image-share\" width=\"16\" height=\"16\" style=\"display: inline;width:16px;height:16px;margin: 0;padding: 0;border: none;box-shadow: none\" src=\"https:\/\/www.arcidiocesitrani.it\/aggregazionilaicali\/wp-content\/plugins\/social-media-feather\/synved-social\/image\/social\/regular\/32x32\/linkedin.png\" \/><\/a><a class=\"synved-social-button synved-social-button-share synved-social-size-16 synved-social-resolution-single synved-social-provider-mail nolightbox\" data-provider=\"mail\" rel=\"nofollow\" title=\"Share by email\" href=\"mailto:?subject=%E2%80%9CVerso%20l%E2%80%99alto%E2%80%9D%3A%20Trasfigurati%20per%20Scendere%3A%20La%20missione%20dell%E2%80%99Azione%C2%A0Cattolica&#038;body=Hey%20check%20this%20out:%20https%3A%2F%2Fwww.arcidiocesitrani.it%2Faggregazionilaicali%2Fwp-json%2Fwp%2Fv2%2Fposts%2F953\" style=\"font-size: 0px;width:16px;height:16px;margin:0;margin-bottom:5px\"><img loading=\"lazy\" decoding=\"async\" alt=\"mail\" title=\"Share by email\" class=\"synved-share-image synved-social-image synved-social-image-share\" width=\"16\" height=\"16\" style=\"display: inline;width:16px;height:16px;margin: 0;padding: 0;border: none;box-shadow: none\" src=\"https:\/\/www.arcidiocesitrani.it\/aggregazionilaicali\/wp-content\/plugins\/social-media-feather\/synved-social\/image\/social\/regular\/32x32\/mail.png\" \/><\/a><\/span><p><strong>\u201cVerso l&#8217;alto\u201d: Trasfigurati per Scendere: La missione dell&#8217;Azione\u00a0Cattolica<\/strong><strong><br \/>\n<\/strong><em>a cura della Promozione associativa diocesana dell\u2019Azione Cattolica Italiana<br \/>\nin collaborazione con il Centro studi \u201cPier Giorgio Frassati\u201d<\/em><\/p>\n<p>&nbsp;<\/p>\n<p>Il prossimo <strong>7 ottobre presso la Parrocchia dello Spirito Santo di Trani alle ore 19,45 si svolger\u00e0 l\u2019incontro di PROMOZIONE ASSOCIATIVA dell\u2019Azione Cattolica diocesana<\/strong>.<\/p>\n<p>Come Azione Cattolica Diocesana vogliamo intraprendere insieme un percorso che ci chiede di volgere lo sguardo verso l&#8217;alto, per poi tornare con rinnovato slancio alla nostra quotidianit\u00e0. Il tema che ci guider\u00e0 \u00e8 evocativo e programmatico: <strong>&#8220;Verso l&#8217;alto: Trasfigurati per Scendere: La missione dell&#8217;Azione Cattolica&#8221;.<\/strong> Questo titolo racchiude la vera essenza della nostra vocazione di laici in cammino nella Chiesa: un percorso di santit\u00e0 non isolato, ma profondamente calato nell&#8217;impegno ecclesiale e nella testimonianza di ogni giorno.<\/p>\n<p>Prenderemo ispirazione da un momento cruciale del Vangelo, la Trasfigurazione di Ges\u00f9 sul monte (Matteo 17, 1-9). Essa ci mostra la necessit\u00e0 di &#8220;salire sul monte&#8221; per incontrare il Signore, per nutrirci della sua Parola e della sua presenza, per vedere con occhi nuovi la nostra fede. Ma il monte non \u00e8 il punto d&#8217;arrivo. La luce che riceviamo in alto ci prepara per la missione che ci attende &#8220;a valle&#8221;: la discesa per portare la bellezza del Vangelo nella vita, nelle famiglie, nei luoghi di lavoro e nelle piazze delle nostre cittt\u00e0.<\/p>\n<p>In questo dinamismo, <strong>la figura del Santo Pier Giorgio Frassati, il giovane delle beatitudini e dell\u2019Ac torinese, si pone come una stella polare, un giovane che ha saputo unire l&#8217;ardore della fede e l&#8217;intimit\u00e0 con Cristo all&#8217;impegno concreto verso gli altri, i poveri, nella citt\u00e0, vivendo la sua laicit\u00e0 come una &#8220;vetta&#8221; raggiunta per amore di Dio e del prossimo.<\/strong><\/p>\n<p>Gli obiettivi dell\u2019evento che prevedono anche attivit\u00e0 laboratoriali, sono:<strong> promuovere l&#8217;Azione Cattolica Diocesana <\/strong>come <strong>percorso di santit\u00e0 laicale<\/strong> e di <strong>impegno ecclesiale<\/strong>. Utilizzando il brano evangelico della <strong>Trasfigurazione di Ges\u00f9<\/strong> (Matteo 17, 1-9) e la testimonianza di <strong>Pier Giorgio Frassati<\/strong> come guide, si vuole invitare i partecipanti a scoprire l\u2019importanza di <strong>\u201csalire sul monte\u201d<\/strong> per incontrare il Signore, per poi <strong>\u201cscendere a valle\u201d<\/strong> e testimoniare la fede nella vita di tutti i giorni, nelle nostre citt\u00e0.<\/p>\n<p><u>Intervengono<\/u>: Ottavia Palladino, Responsabile della Promozione associativa diocesana. Don Domenico Savio Pierro, Assistente diocesano del Settore giovani. Luigi Lanotte, Responsabile del Centro studi Piergiorgio Frassati per la storia diocesana dell\u2019Azione Cattolica.<\/p>\n<p>&nbsp;<\/p>\n<p>La Presidenza diocesana<\/p>\n","protected":false},"excerpt":{"rendered":"<p>\u201cVerso l&#8217;alto\u201d: Trasfigurati per Scendere: La missione dell&#8217;Azione\u00a0Cattolica a cura della Promozione associativa diocesana dell\u2019Azione Cattolica Italiana in collaborazione con il Centro studi \u201cPier Giorgio Frassati\u201d &nbsp; Il prossimo 7 ottobre presso la Parrocchia dello Spirito Santo di Trani alle ore 19,45 si svolger\u00e0 l\u2019incontro di PROMOZIONE ASSOCIATIVA dell\u2019Azione Cattolica diocesana. Come Azione Cattolica Diocesana vogliamo intraprendere insieme un percorso che ci chiede di volgere &hellip; <a href=\"https:\/\/www.arcidiocesitrani.it\/aggregazionilaicali\/verso-lalto-trasfigurati-per-scendere-la-missione-dellazione-cattolica\/\" class=\"more-link\">Continua a leggere <span class=\"screen-reader-text\"><\/span> <span class=\"meta-nav\">&raquo;<\/span><\/a><\/p>\n","protected":false},"author":10,"featured_media":954,"comment_status":"closed","ping_status":"closed","sticky":false,"template":"","format":"standard","meta":{"_acf_changed":false,"ip_address":"","user_agent":"","level":"","revision":"","cookie_id":"","page_referer":"","html_form":"","footnotes":""},"categories":[7],"tags":[],"acf":[],"_links":{"self":[{"href":"https:\/\/www.arcidiocesitrani.it\/aggregazionilaicali\/wp-json\/wp\/v2\/posts\/953"}],"collection":[{"href":"https:\/\/www.arcidiocesitrani.it\/aggregazionilaicali\/wp-json\/wp\/v2\/posts"}],"about":[{"href":"https:\/\/www.arcidiocesitrani.it\/aggregazionilaicali\/wp-json\/wp\/v2\/types\/post"}],"author":[{"embeddable":true,"href":"https:\/\/www.arcidiocesitrani.it\/aggregazionilaicali\/wp-json\/wp\/v2\/users\/10"}],"replies":[{"embeddable":true,"href":"https:\/\/www.arcidiocesitrani.it\/aggregazionilaicali\/wp-json\/wp\/v2\/comments?post=953"}],"version-history":[{"count":0,"href":"https:\/\/www.arcidiocesitrani.it\/aggregazionilaicali\/wp-json\/wp\/v2\/posts\/953\/revisions"}],"wp:featuredmedia":[{"embeddable":true,"href":"https:\/\/www.arcidiocesitrani.it\/aggregazionilaicali\/wp-json\/wp\/v2\/media\/954"}],"wp:attachment":[{"href":"https:\/\/www.arcidiocesitrani.it\/aggregazionilaicali\/wp-json\/wp\/v2\/media?parent=953"}],"wp:term":[{"taxonomy":"category","embeddable":true,"href":"https:\/\/www.arcidiocesitrani.it\/aggregazionilaicali\/wp-json\/wp\/v2\/categories?post=953"},{"taxonomy":"post_tag","embeddable":true,"href":"https:\/\/www.arcidiocesitrani.it\/aggregazionilaicali\/wp-json\/wp\/v2\/tags?post=953"}],"curies":[{"name":"wp","href":"https:\/\/api.w.org\/{rel}","templated":true}]}}