{"id":2334,"date":"2026-01-13T10:49:28","date_gmt":"2026-01-13T09:49:28","guid":{"rendered":"https:\/\/www.arcidiocesitrani.it\/caritas\/?p=2334"},"modified":"2026-01-13T10:49:28","modified_gmt":"2026-01-13T09:49:28","slug":"fare-o-essere-volontari-a-barletta-un-incontro-formativo-per-gli-operatori-della-caritas","status":"publish","type":"post","link":"https:\/\/www.arcidiocesitrani.it\/caritas\/fare-o-essere-volontari-a-barletta-un-incontro-formativo-per-gli-operatori-della-caritas\/","title":{"rendered":"\u201cFare o essere volontari?\u201d: a Barletta un incontro formativo per gli operatori della Caritas"},"content":{"rendered":"<p data-start=\"98\" data-end=\"547\">Prosegue il cammino di formazione promosso dalla Caritas Diocesana dell\u2019Arcidiocesi di Trani-Barletta-Bisceglie con un nuovo appuntamento dedicato agli operatori pastorali della carit\u00e0. Al centro dell\u2019incontro, dal titolo \u201cFare o essere volontari?\u201d, vi \u00e8 una riflessione sul senso profondo del volontariato, inteso non solo come insieme di attivit\u00e0 operative, ma come scelta di vita ispirata alla relazione, alla prossimit\u00e0 e alla carit\u00e0 evangelica.<\/p>\n<p data-start=\"549\" data-end=\"1064\">L\u2019iniziativa \u00e8 rivolta in modo particolare ai volontari delle Caritas parrocchiali della citt\u00e0 di Barletta, ma \u00e8 aperta anche a quanti si avvicinano per la prima volta alla realt\u00e0 caritativa ecclesiale e desiderano conoscere pi\u00f9 da vicino il servizio svolto all\u2019interno della \u201cfamiglia Caritas\u201d. L\u2019incontro si configura come un momento di crescita e di discernimento, volto ad aiutare i partecipanti a maturare una maggiore consapevolezza del proprio impegno e a riscoprire il valore pastorale della carit\u00e0 vissuta.<\/p>\n<p data-start=\"1066\" data-end=\"1513\">Attraverso il confronto e l\u2019ascolto, l\u2019appuntamento intende favorire una visione del volontariato che vada oltre il semplice \u201cfare\u201d, per riscoprire l\u2019\u201cessere\u201d volontari come dimensione fondamentale della testimonianza cristiana e della vita comunitaria. La formazione proposta si inserisce nel solco dell\u2019azione pastorale della Caritas diocesana, che da sempre accompagna i volontari nel loro servizio, ponendo al centro la persona e la relazione.<\/p>\n<p data-start=\"1515\" data-end=\"1855\">L\u2019incontro si svolger\u00e0 il 23 gennaio 2026, dalle ore 17.30 alle ore 20.30, presso la Parrocchia Cuore Immacolato di Maria, in via M. Barberini 135 a Barletta. Un\u2019occasione significativa per rafforzare il senso di appartenenza, condividere esperienze e rinnovare le motivazioni che animano il servizio caritativo nelle comunit\u00e0 parrocchiali.<\/p>\n","protected":false},"excerpt":{"rendered":"<p>Prosegue il cammino di formazione promosso dalla Caritas Diocesana dell\u2019Arcidiocesi di Trani-Barletta-Bisceglie con un nuovo appuntamento dedicato agli operatori pastorali della carit\u00e0. Al centro dell\u2019incontro, dal titolo \u201cFare o essere volontari?\u201d, vi \u00e8 una riflessione sul senso profondo del volontariato, inteso non solo come insieme di attivit\u00e0 operative, ma come scelta di vita ispirata alla relazione, alla prossimit\u00e0 e alla carit\u00e0 evangelica. L\u2019iniziativa \u00e8 rivolta &hellip; <a href=\"https:\/\/www.arcidiocesitrani.it\/caritas\/fare-o-essere-volontari-a-barletta-un-incontro-formativo-per-gli-operatori-della-caritas\/\" class=\"more-link\">Continua a leggere <span class=\"screen-reader-text\"><\/span> <span class=\"meta-nav\">&raquo;<\/span><\/a><\/p>\n","protected":false},"author":9,"featured_media":2335,"comment_status":"closed","ping_status":"closed","sticky":false,"template":"","format":"standard","meta":{"_acf_changed":false,"ip_address":"","user_agent":"","level":"","revision":"","cookie_id":"","page_referer":"","html_form":"","footnotes":""},"categories":[5,3,7],"tags":[],"acf":[],"_links":{"self":[{"href":"https:\/\/www.arcidiocesitrani.it\/caritas\/wp-json\/wp\/v2\/posts\/2334"}],"collection":[{"href":"https:\/\/www.arcidiocesitrani.it\/caritas\/wp-json\/wp\/v2\/posts"}],"about":[{"href":"https:\/\/www.arcidiocesitrani.it\/caritas\/wp-json\/wp\/v2\/types\/post"}],"author":[{"embeddable":true,"href":"https:\/\/www.arcidiocesitrani.it\/caritas\/wp-json\/wp\/v2\/users\/9"}],"replies":[{"embeddable":true,"href":"https:\/\/www.arcidiocesitrani.it\/caritas\/wp-json\/wp\/v2\/comments?post=2334"}],"version-history":[{"count":1,"href":"https:\/\/www.arcidiocesitrani.it\/caritas\/wp-json\/wp\/v2\/posts\/2334\/revisions"}],"predecessor-version":[{"id":2336,"href":"https:\/\/www.arcidiocesitrani.it\/caritas\/wp-json\/wp\/v2\/posts\/2334\/revisions\/2336"}],"wp:featuredmedia":[{"embeddable":true,"href":"https:\/\/www.arcidiocesitrani.it\/caritas\/wp-json\/wp\/v2\/media\/2335"}],"wp:attachment":[{"href":"https:\/\/www.arcidiocesitrani.it\/caritas\/wp-json\/wp\/v2\/media?parent=2334"}],"wp:term":[{"taxonomy":"category","embeddable":true,"href":"https:\/\/www.arcidiocesitrani.it\/caritas\/wp-json\/wp\/v2\/categories?post=2334"},{"taxonomy":"post_tag","embeddable":true,"href":"https:\/\/www.arcidiocesitrani.it\/caritas\/wp-json\/wp\/v2\/tags?post=2334"}],"curies":[{"name":"wp","href":"https:\/\/api.w.org\/{rel}","templated":true}]}}