{"id":341,"date":"2026-02-26T18:22:53","date_gmt":"2026-02-26T17:22:53","guid":{"rendered":"https:\/\/www.arcidiocesitrani.it\/famigliaevita\/a-due-a-due-fiducia-e-progettualita-un-percorso-per-accompagnare-coppie-e-operatori-pastorali\/"},"modified":"2026-03-16T09:50:54","modified_gmt":"2026-03-16T08:50:54","slug":"a-due-a-due-fiducia-e-progettualita-un-percorso-per-accompagnare-coppie-e-operatori-pastorali","status":"publish","type":"post","link":"https:\/\/www.arcidiocesitrani.it\/famigliaevita\/a-due-a-due-fiducia-e-progettualita-un-percorso-per-accompagnare-coppie-e-operatori-pastorali\/","title":{"rendered":"\u201cA DUE A DUE: FIDUCIA E PROGETTUALITA\u2019\u201d.  UN PERCORSO PER ACCOMPAGNARE  COPPIE E OPERATORI PASTORALI"},"content":{"rendered":"<div id=\"pl-341\"  class=\"panel-layout\" ><div id=\"pg-341-0\"  class=\"panel-grid panel-no-style\" ><div id=\"pgc-341-0-0\"  class=\"panel-grid-cell\" ><div id=\"panel-341-0-0-0\" class=\"so-panel widget widget_media_gallery panel-first-child panel-last-child\" data-index=\"0\" >\n\t\t<style type=\"text\/css\">\n\t\t\t#gallery-1 {\n\t\t\t\tmargin: auto;\n\t\t\t}\n\t\t\t#gallery-1 .gallery-item {\n\t\t\t\tfloat: left;\n\t\t\t\tmargin-top: 10px;\n\t\t\t\ttext-align: center;\n\t\t\t\twidth: 33%;\n\t\t\t}\n\t\t\t#gallery-1 img {\n\t\t\t\tborder: 2px solid #cfcfcf;\n\t\t\t}\n\t\t\t#gallery-1 .gallery-caption {\n\t\t\t\tmargin-left: 0;\n\t\t\t}\n\t\t\t\/* see gallery_shortcode() in wp-includes\/media.php *\/\n\t\t<\/style>\n\t\t<div id='gallery-1' class='gallery galleryid-341 gallery-columns-3 gallery-size-medium'><dl class='gallery-item'>\n\t\t\t<dt class='gallery-icon landscape'>\n\t\t\t\t<a href='https:\/\/www.arcidiocesitrani.it\/famigliaevita\/wp-content\/uploads\/sites\/20\/2026\/02\/IMG_3105.jpg' title=\"\" data-rl_title=\"\" class=\"rl-gallery-link\" data-rl_caption=\"\" data-rel=\"lightbox-gallery-1\"><img loading=\"lazy\" decoding=\"async\" width=\"300\" height=\"200\" src=\"https:\/\/www.arcidiocesitrani.it\/famigliaevita\/wp-content\/uploads\/sites\/20\/2026\/02\/IMG_3105-300x200.jpg\" class=\"attachment-medium size-medium\" alt=\"\" srcset=\"https:\/\/www.arcidiocesitrani.it\/famigliaevita\/wp-content\/uploads\/sites\/20\/2026\/02\/IMG_3105-300x200.jpg 300w, https:\/\/www.arcidiocesitrani.it\/famigliaevita\/wp-content\/uploads\/sites\/20\/2026\/02\/IMG_3105-1024x682.jpg 1024w, https:\/\/www.arcidiocesitrani.it\/famigliaevita\/wp-content\/uploads\/sites\/20\/2026\/02\/IMG_3105-768x512.jpg 768w, https:\/\/www.arcidiocesitrani.it\/famigliaevita\/wp-content\/uploads\/sites\/20\/2026\/02\/IMG_3105-1536x1024.jpg 1536w, https:\/\/www.arcidiocesitrani.it\/famigliaevita\/wp-content\/uploads\/sites\/20\/2026\/02\/IMG_3105-600x400.jpg 600w, https:\/\/www.arcidiocesitrani.it\/famigliaevita\/wp-content\/uploads\/sites\/20\/2026\/02\/IMG_3105-1200x800.jpg 1200w, https:\/\/www.arcidiocesitrani.it\/famigliaevita\/wp-content\/uploads\/sites\/20\/2026\/02\/IMG_3105-800x533.jpg 800w, https:\/\/www.arcidiocesitrani.it\/famigliaevita\/wp-content\/uploads\/sites\/20\/2026\/02\/IMG_3105-272x182.jpg 272w, https:\/\/www.arcidiocesitrani.it\/famigliaevita\/wp-content\/uploads\/sites\/20\/2026\/02\/IMG_3105.jpg 2000w\" sizes=\"(max-width: 300px) 100vw, 300px\" \/><\/a>\n\t\t\t<\/dt><\/dl><dl class='gallery-item'>\n\t\t\t<dt class='gallery-icon landscape'>\n\t\t\t\t<a href='https:\/\/www.arcidiocesitrani.it\/famigliaevita\/wp-content\/uploads\/sites\/20\/2026\/02\/IMG_3106-scaled.jpg' title=\"\" data-rl_title=\"\" class=\"rl-gallery-link\" data-rl_caption=\"\" data-rel=\"lightbox-gallery-1\"><img loading=\"lazy\" decoding=\"async\" width=\"300\" height=\"200\" src=\"https:\/\/www.arcidiocesitrani.it\/famigliaevita\/wp-content\/uploads\/sites\/20\/2026\/02\/IMG_3106-300x200.jpg\" class=\"attachment-medium size-medium\" alt=\"\" srcset=\"https:\/\/www.arcidiocesitrani.it\/famigliaevita\/wp-content\/uploads\/sites\/20\/2026\/02\/IMG_3106-300x200.jpg 300w, https:\/\/www.arcidiocesitrani.it\/famigliaevita\/wp-content\/uploads\/sites\/20\/2026\/02\/IMG_3106-1024x683.jpg 1024w, https:\/\/www.arcidiocesitrani.it\/famigliaevita\/wp-content\/uploads\/sites\/20\/2026\/02\/IMG_3106-768x512.jpg 768w, https:\/\/www.arcidiocesitrani.it\/famigliaevita\/wp-content\/uploads\/sites\/20\/2026\/02\/IMG_3106-1536x1024.jpg 1536w, https:\/\/www.arcidiocesitrani.it\/famigliaevita\/wp-content\/uploads\/sites\/20\/2026\/02\/IMG_3106-2048x1365.jpg 2048w, https:\/\/www.arcidiocesitrani.it\/famigliaevita\/wp-content\/uploads\/sites\/20\/2026\/02\/IMG_3106-600x400.jpg 600w, https:\/\/www.arcidiocesitrani.it\/famigliaevita\/wp-content\/uploads\/sites\/20\/2026\/02\/IMG_3106-1200x800.jpg 1200w, https:\/\/www.arcidiocesitrani.it\/famigliaevita\/wp-content\/uploads\/sites\/20\/2026\/02\/IMG_3106-800x533.jpg 800w, https:\/\/www.arcidiocesitrani.it\/famigliaevita\/wp-content\/uploads\/sites\/20\/2026\/02\/IMG_3106-272x182.jpg 272w\" sizes=\"(max-width: 300px) 100vw, 300px\" \/><\/a>\n\t\t\t<\/dt><\/dl><dl class='gallery-item'>\n\t\t\t<dt class='gallery-icon landscape'>\n\t\t\t\t<a href='https:\/\/www.arcidiocesitrani.it\/famigliaevita\/wp-content\/uploads\/sites\/20\/2026\/02\/IMG_3109-scaled.jpg' title=\"\" data-rl_title=\"\" class=\"rl-gallery-link\" data-rl_caption=\"\" data-rel=\"lightbox-gallery-1\"><img loading=\"lazy\" decoding=\"async\" width=\"300\" height=\"200\" src=\"https:\/\/www.arcidiocesitrani.it\/famigliaevita\/wp-content\/uploads\/sites\/20\/2026\/02\/IMG_3109-300x200.jpg\" class=\"attachment-medium size-medium\" alt=\"\" srcset=\"https:\/\/www.arcidiocesitrani.it\/famigliaevita\/wp-content\/uploads\/sites\/20\/2026\/02\/IMG_3109-300x200.jpg 300w, https:\/\/www.arcidiocesitrani.it\/famigliaevita\/wp-content\/uploads\/sites\/20\/2026\/02\/IMG_3109-1024x683.jpg 1024w, https:\/\/www.arcidiocesitrani.it\/famigliaevita\/wp-content\/uploads\/sites\/20\/2026\/02\/IMG_3109-768x512.jpg 768w, https:\/\/www.arcidiocesitrani.it\/famigliaevita\/wp-content\/uploads\/sites\/20\/2026\/02\/IMG_3109-1536x1024.jpg 1536w, https:\/\/www.arcidiocesitrani.it\/famigliaevita\/wp-content\/uploads\/sites\/20\/2026\/02\/IMG_3109-2048x1365.jpg 2048w, https:\/\/www.arcidiocesitrani.it\/famigliaevita\/wp-content\/uploads\/sites\/20\/2026\/02\/IMG_3109-600x400.jpg 600w, https:\/\/www.arcidiocesitrani.it\/famigliaevita\/wp-content\/uploads\/sites\/20\/2026\/02\/IMG_3109-1200x800.jpg 1200w, https:\/\/www.arcidiocesitrani.it\/famigliaevita\/wp-content\/uploads\/sites\/20\/2026\/02\/IMG_3109-800x533.jpg 800w, https:\/\/www.arcidiocesitrani.it\/famigliaevita\/wp-content\/uploads\/sites\/20\/2026\/02\/IMG_3109-272x182.jpg 272w\" sizes=\"(max-width: 300px) 100vw, 300px\" \/><\/a>\n\t\t\t<\/dt><\/dl><br style=\"clear: both\" \/><dl class='gallery-item'>\n\t\t\t<dt class='gallery-icon landscape'>\n\t\t\t\t<a href='https:\/\/www.arcidiocesitrani.it\/famigliaevita\/wp-content\/uploads\/sites\/20\/2026\/02\/IMG_3111-scaled.jpg' title=\"\" data-rl_title=\"\" class=\"rl-gallery-link\" data-rl_caption=\"\" data-rel=\"lightbox-gallery-1\"><img loading=\"lazy\" decoding=\"async\" width=\"300\" height=\"200\" src=\"https:\/\/www.arcidiocesitrani.it\/famigliaevita\/wp-content\/uploads\/sites\/20\/2026\/02\/IMG_3111-300x200.jpg\" class=\"attachment-medium size-medium\" alt=\"\" srcset=\"https:\/\/www.arcidiocesitrani.it\/famigliaevita\/wp-content\/uploads\/sites\/20\/2026\/02\/IMG_3111-300x200.jpg 300w, https:\/\/www.arcidiocesitrani.it\/famigliaevita\/wp-content\/uploads\/sites\/20\/2026\/02\/IMG_3111-1024x683.jpg 1024w, https:\/\/www.arcidiocesitrani.it\/famigliaevita\/wp-content\/uploads\/sites\/20\/2026\/02\/IMG_3111-768x512.jpg 768w, https:\/\/www.arcidiocesitrani.it\/famigliaevita\/wp-content\/uploads\/sites\/20\/2026\/02\/IMG_3111-1536x1024.jpg 1536w, https:\/\/www.arcidiocesitrani.it\/famigliaevita\/wp-content\/uploads\/sites\/20\/2026\/02\/IMG_3111-2048x1365.jpg 2048w, https:\/\/www.arcidiocesitrani.it\/famigliaevita\/wp-content\/uploads\/sites\/20\/2026\/02\/IMG_3111-600x400.jpg 600w, https:\/\/www.arcidiocesitrani.it\/famigliaevita\/wp-content\/uploads\/sites\/20\/2026\/02\/IMG_3111-1200x800.jpg 1200w, https:\/\/www.arcidiocesitrani.it\/famigliaevita\/wp-content\/uploads\/sites\/20\/2026\/02\/IMG_3111-800x533.jpg 800w, https:\/\/www.arcidiocesitrani.it\/famigliaevita\/wp-content\/uploads\/sites\/20\/2026\/02\/IMG_3111-272x182.jpg 272w\" sizes=\"(max-width: 300px) 100vw, 300px\" \/><\/a>\n\t\t\t<\/dt><\/dl><dl class='gallery-item'>\n\t\t\t<dt class='gallery-icon landscape'>\n\t\t\t\t<a href='https:\/\/www.arcidiocesitrani.it\/famigliaevita\/wp-content\/uploads\/sites\/20\/2026\/02\/IMG_3113-scaled.jpg' title=\"\" data-rl_title=\"\" class=\"rl-gallery-link\" data-rl_caption=\"\" data-rel=\"lightbox-gallery-1\"><img loading=\"lazy\" decoding=\"async\" width=\"300\" height=\"200\" src=\"https:\/\/www.arcidiocesitrani.it\/famigliaevita\/wp-content\/uploads\/sites\/20\/2026\/02\/IMG_3113-300x200.jpg\" class=\"attachment-medium size-medium\" alt=\"\" srcset=\"https:\/\/www.arcidiocesitrani.it\/famigliaevita\/wp-content\/uploads\/sites\/20\/2026\/02\/IMG_3113-300x200.jpg 300w, https:\/\/www.arcidiocesitrani.it\/famigliaevita\/wp-content\/uploads\/sites\/20\/2026\/02\/IMG_3113-1024x683.jpg 1024w, https:\/\/www.arcidiocesitrani.it\/famigliaevita\/wp-content\/uploads\/sites\/20\/2026\/02\/IMG_3113-768x512.jpg 768w, https:\/\/www.arcidiocesitrani.it\/famigliaevita\/wp-content\/uploads\/sites\/20\/2026\/02\/IMG_3113-1536x1024.jpg 1536w, https:\/\/www.arcidiocesitrani.it\/famigliaevita\/wp-content\/uploads\/sites\/20\/2026\/02\/IMG_3113-2048x1365.jpg 2048w, https:\/\/www.arcidiocesitrani.it\/famigliaevita\/wp-content\/uploads\/sites\/20\/2026\/02\/IMG_3113-600x400.jpg 600w, https:\/\/www.arcidiocesitrani.it\/famigliaevita\/wp-content\/uploads\/sites\/20\/2026\/02\/IMG_3113-1200x800.jpg 1200w, https:\/\/www.arcidiocesitrani.it\/famigliaevita\/wp-content\/uploads\/sites\/20\/2026\/02\/IMG_3113-800x533.jpg 800w, https:\/\/www.arcidiocesitrani.it\/famigliaevita\/wp-content\/uploads\/sites\/20\/2026\/02\/IMG_3113-272x182.jpg 272w\" sizes=\"(max-width: 300px) 100vw, 300px\" \/><\/a>\n\t\t\t<\/dt><\/dl><dl class='gallery-item'>\n\t\t\t<dt class='gallery-icon landscape'>\n\t\t\t\t<a href='https:\/\/www.arcidiocesitrani.it\/famigliaevita\/wp-content\/uploads\/sites\/20\/2026\/02\/IMG_3114-scaled.jpg' title=\"\" data-rl_title=\"\" class=\"rl-gallery-link\" data-rl_caption=\"\" data-rel=\"lightbox-gallery-1\"><img loading=\"lazy\" decoding=\"async\" width=\"300\" height=\"200\" src=\"https:\/\/www.arcidiocesitrani.it\/famigliaevita\/wp-content\/uploads\/sites\/20\/2026\/02\/IMG_3114-300x200.jpg\" class=\"attachment-medium size-medium\" alt=\"\" srcset=\"https:\/\/www.arcidiocesitrani.it\/famigliaevita\/wp-content\/uploads\/sites\/20\/2026\/02\/IMG_3114-300x200.jpg 300w, https:\/\/www.arcidiocesitrani.it\/famigliaevita\/wp-content\/uploads\/sites\/20\/2026\/02\/IMG_3114-1024x683.jpg 1024w, https:\/\/www.arcidiocesitrani.it\/famigliaevita\/wp-content\/uploads\/sites\/20\/2026\/02\/IMG_3114-768x512.jpg 768w, https:\/\/www.arcidiocesitrani.it\/famigliaevita\/wp-content\/uploads\/sites\/20\/2026\/02\/IMG_3114-1536x1024.jpg 1536w, https:\/\/www.arcidiocesitrani.it\/famigliaevita\/wp-content\/uploads\/sites\/20\/2026\/02\/IMG_3114-2048x1365.jpg 2048w, https:\/\/www.arcidiocesitrani.it\/famigliaevita\/wp-content\/uploads\/sites\/20\/2026\/02\/IMG_3114-600x400.jpg 600w, https:\/\/www.arcidiocesitrani.it\/famigliaevita\/wp-content\/uploads\/sites\/20\/2026\/02\/IMG_3114-1200x800.jpg 1200w, https:\/\/www.arcidiocesitrani.it\/famigliaevita\/wp-content\/uploads\/sites\/20\/2026\/02\/IMG_3114-800x533.jpg 800w, https:\/\/www.arcidiocesitrani.it\/famigliaevita\/wp-content\/uploads\/sites\/20\/2026\/02\/IMG_3114-272x182.jpg 272w\" sizes=\"(max-width: 300px) 100vw, 300px\" \/><\/a>\n\t\t\t<\/dt><\/dl><br style=\"clear: both\" \/><dl class='gallery-item'>\n\t\t\t<dt class='gallery-icon landscape'>\n\t\t\t\t<a href='https:\/\/www.arcidiocesitrani.it\/famigliaevita\/wp-content\/uploads\/sites\/20\/2026\/02\/IMG_3115-scaled.jpg' title=\"\" data-rl_title=\"\" class=\"rl-gallery-link\" data-rl_caption=\"\" data-rel=\"lightbox-gallery-1\"><img loading=\"lazy\" decoding=\"async\" width=\"300\" height=\"200\" src=\"https:\/\/www.arcidiocesitrani.it\/famigliaevita\/wp-content\/uploads\/sites\/20\/2026\/02\/IMG_3115-300x200.jpg\" class=\"attachment-medium size-medium\" alt=\"\" srcset=\"https:\/\/www.arcidiocesitrani.it\/famigliaevita\/wp-content\/uploads\/sites\/20\/2026\/02\/IMG_3115-300x200.jpg 300w, https:\/\/www.arcidiocesitrani.it\/famigliaevita\/wp-content\/uploads\/sites\/20\/2026\/02\/IMG_3115-1024x683.jpg 1024w, https:\/\/www.arcidiocesitrani.it\/famigliaevita\/wp-content\/uploads\/sites\/20\/2026\/02\/IMG_3115-768x512.jpg 768w, https:\/\/www.arcidiocesitrani.it\/famigliaevita\/wp-content\/uploads\/sites\/20\/2026\/02\/IMG_3115-1536x1024.jpg 1536w, https:\/\/www.arcidiocesitrani.it\/famigliaevita\/wp-content\/uploads\/sites\/20\/2026\/02\/IMG_3115-2048x1365.jpg 2048w, https:\/\/www.arcidiocesitrani.it\/famigliaevita\/wp-content\/uploads\/sites\/20\/2026\/02\/IMG_3115-600x400.jpg 600w, https:\/\/www.arcidiocesitrani.it\/famigliaevita\/wp-content\/uploads\/sites\/20\/2026\/02\/IMG_3115-1200x800.jpg 1200w, https:\/\/www.arcidiocesitrani.it\/famigliaevita\/wp-content\/uploads\/sites\/20\/2026\/02\/IMG_3115-800x533.jpg 800w, https:\/\/www.arcidiocesitrani.it\/famigliaevita\/wp-content\/uploads\/sites\/20\/2026\/02\/IMG_3115-272x182.jpg 272w\" sizes=\"(max-width: 300px) 100vw, 300px\" \/><\/a>\n\t\t\t<\/dt><\/dl><dl class='gallery-item'>\n\t\t\t<dt class='gallery-icon landscape'>\n\t\t\t\t<a href='https:\/\/www.arcidiocesitrani.it\/famigliaevita\/wp-content\/uploads\/sites\/20\/2026\/02\/IMG_3116-scaled.jpg' title=\"\" data-rl_title=\"\" class=\"rl-gallery-link\" data-rl_caption=\"\" data-rel=\"lightbox-gallery-1\"><img loading=\"lazy\" decoding=\"async\" width=\"300\" height=\"200\" src=\"https:\/\/www.arcidiocesitrani.it\/famigliaevita\/wp-content\/uploads\/sites\/20\/2026\/02\/IMG_3116-300x200.jpg\" class=\"attachment-medium size-medium\" alt=\"\" srcset=\"https:\/\/www.arcidiocesitrani.it\/famigliaevita\/wp-content\/uploads\/sites\/20\/2026\/02\/IMG_3116-300x200.jpg 300w, https:\/\/www.arcidiocesitrani.it\/famigliaevita\/wp-content\/uploads\/sites\/20\/2026\/02\/IMG_3116-1024x683.jpg 1024w, https:\/\/www.arcidiocesitrani.it\/famigliaevita\/wp-content\/uploads\/sites\/20\/2026\/02\/IMG_3116-768x512.jpg 768w, https:\/\/www.arcidiocesitrani.it\/famigliaevita\/wp-content\/uploads\/sites\/20\/2026\/02\/IMG_3116-1536x1024.jpg 1536w, https:\/\/www.arcidiocesitrani.it\/famigliaevita\/wp-content\/uploads\/sites\/20\/2026\/02\/IMG_3116-2048x1365.jpg 2048w, https:\/\/www.arcidiocesitrani.it\/famigliaevita\/wp-content\/uploads\/sites\/20\/2026\/02\/IMG_3116-600x400.jpg 600w, https:\/\/www.arcidiocesitrani.it\/famigliaevita\/wp-content\/uploads\/sites\/20\/2026\/02\/IMG_3116-1200x800.jpg 1200w, https:\/\/www.arcidiocesitrani.it\/famigliaevita\/wp-content\/uploads\/sites\/20\/2026\/02\/IMG_3116-800x533.jpg 800w, https:\/\/www.arcidiocesitrani.it\/famigliaevita\/wp-content\/uploads\/sites\/20\/2026\/02\/IMG_3116-272x182.jpg 272w\" sizes=\"(max-width: 300px) 100vw, 300px\" \/><\/a>\n\t\t\t<\/dt><\/dl><dl class='gallery-item'>\n\t\t\t<dt class='gallery-icon landscape'>\n\t\t\t\t<a href='https:\/\/www.arcidiocesitrani.it\/famigliaevita\/wp-content\/uploads\/sites\/20\/2026\/02\/IMG_3117-scaled.jpg' title=\"\" data-rl_title=\"\" class=\"rl-gallery-link\" data-rl_caption=\"\" data-rel=\"lightbox-gallery-1\"><img loading=\"lazy\" decoding=\"async\" width=\"300\" height=\"200\" src=\"https:\/\/www.arcidiocesitrani.it\/famigliaevita\/wp-content\/uploads\/sites\/20\/2026\/02\/IMG_3117-300x200.jpg\" class=\"attachment-medium size-medium\" alt=\"\" srcset=\"https:\/\/www.arcidiocesitrani.it\/famigliaevita\/wp-content\/uploads\/sites\/20\/2026\/02\/IMG_3117-300x200.jpg 300w, https:\/\/www.arcidiocesitrani.it\/famigliaevita\/wp-content\/uploads\/sites\/20\/2026\/02\/IMG_3117-1024x683.jpg 1024w, https:\/\/www.arcidiocesitrani.it\/famigliaevita\/wp-content\/uploads\/sites\/20\/2026\/02\/IMG_3117-768x512.jpg 768w, https:\/\/www.arcidiocesitrani.it\/famigliaevita\/wp-content\/uploads\/sites\/20\/2026\/02\/IMG_3117-1536x1024.jpg 1536w, https:\/\/www.arcidiocesitrani.it\/famigliaevita\/wp-content\/uploads\/sites\/20\/2026\/02\/IMG_3117-2048x1365.jpg 2048w, https:\/\/www.arcidiocesitrani.it\/famigliaevita\/wp-content\/uploads\/sites\/20\/2026\/02\/IMG_3117-600x400.jpg 600w, https:\/\/www.arcidiocesitrani.it\/famigliaevita\/wp-content\/uploads\/sites\/20\/2026\/02\/IMG_3117-1200x800.jpg 1200w, https:\/\/www.arcidiocesitrani.it\/famigliaevita\/wp-content\/uploads\/sites\/20\/2026\/02\/IMG_3117-800x533.jpg 800w, https:\/\/www.arcidiocesitrani.it\/famigliaevita\/wp-content\/uploads\/sites\/20\/2026\/02\/IMG_3117-272x182.jpg 272w\" sizes=\"(max-width: 300px) 100vw, 300px\" \/><\/a>\n\t\t\t<\/dt><\/dl><br style=\"clear: both\" \/><dl class='gallery-item'>\n\t\t\t<dt class='gallery-icon landscape'>\n\t\t\t\t<a href='https:\/\/www.arcidiocesitrani.it\/famigliaevita\/wp-content\/uploads\/sites\/20\/2026\/02\/IMG_3118-scaled.jpg' title=\"\" data-rl_title=\"\" class=\"rl-gallery-link\" data-rl_caption=\"\" data-rel=\"lightbox-gallery-1\"><img loading=\"lazy\" decoding=\"async\" width=\"300\" height=\"200\" src=\"https:\/\/www.arcidiocesitrani.it\/famigliaevita\/wp-content\/uploads\/sites\/20\/2026\/02\/IMG_3118-300x200.jpg\" class=\"attachment-medium size-medium\" alt=\"\" srcset=\"https:\/\/www.arcidiocesitrani.it\/famigliaevita\/wp-content\/uploads\/sites\/20\/2026\/02\/IMG_3118-300x200.jpg 300w, https:\/\/www.arcidiocesitrani.it\/famigliaevita\/wp-content\/uploads\/sites\/20\/2026\/02\/IMG_3118-1024x683.jpg 1024w, https:\/\/www.arcidiocesitrani.it\/famigliaevita\/wp-content\/uploads\/sites\/20\/2026\/02\/IMG_3118-768x512.jpg 768w, https:\/\/www.arcidiocesitrani.it\/famigliaevita\/wp-content\/uploads\/sites\/20\/2026\/02\/IMG_3118-1536x1024.jpg 1536w, https:\/\/www.arcidiocesitrani.it\/famigliaevita\/wp-content\/uploads\/sites\/20\/2026\/02\/IMG_3118-2048x1365.jpg 2048w, https:\/\/www.arcidiocesitrani.it\/famigliaevita\/wp-content\/uploads\/sites\/20\/2026\/02\/IMG_3118-600x400.jpg 600w, https:\/\/www.arcidiocesitrani.it\/famigliaevita\/wp-content\/uploads\/sites\/20\/2026\/02\/IMG_3118-1200x800.jpg 1200w, https:\/\/www.arcidiocesitrani.it\/famigliaevita\/wp-content\/uploads\/sites\/20\/2026\/02\/IMG_3118-800x533.jpg 800w, https:\/\/www.arcidiocesitrani.it\/famigliaevita\/wp-content\/uploads\/sites\/20\/2026\/02\/IMG_3118-272x182.jpg 272w\" sizes=\"(max-width: 300px) 100vw, 300px\" \/><\/a>\n\t\t\t<\/dt><\/dl><dl class='gallery-item'>\n\t\t\t<dt class='gallery-icon landscape'>\n\t\t\t\t<a href='https:\/\/www.arcidiocesitrani.it\/famigliaevita\/wp-content\/uploads\/sites\/20\/2026\/02\/IMG_3120-scaled.jpg' title=\"\" data-rl_title=\"\" class=\"rl-gallery-link\" data-rl_caption=\"\" data-rel=\"lightbox-gallery-1\"><img loading=\"lazy\" decoding=\"async\" width=\"300\" height=\"200\" src=\"https:\/\/www.arcidiocesitrani.it\/famigliaevita\/wp-content\/uploads\/sites\/20\/2026\/02\/IMG_3120-300x200.jpg\" class=\"attachment-medium size-medium\" alt=\"\" srcset=\"https:\/\/www.arcidiocesitrani.it\/famigliaevita\/wp-content\/uploads\/sites\/20\/2026\/02\/IMG_3120-300x200.jpg 300w, https:\/\/www.arcidiocesitrani.it\/famigliaevita\/wp-content\/uploads\/sites\/20\/2026\/02\/IMG_3120-1024x683.jpg 1024w, https:\/\/www.arcidiocesitrani.it\/famigliaevita\/wp-content\/uploads\/sites\/20\/2026\/02\/IMG_3120-768x512.jpg 768w, https:\/\/www.arcidiocesitrani.it\/famigliaevita\/wp-content\/uploads\/sites\/20\/2026\/02\/IMG_3120-1536x1024.jpg 1536w, https:\/\/www.arcidiocesitrani.it\/famigliaevita\/wp-content\/uploads\/sites\/20\/2026\/02\/IMG_3120-2048x1365.jpg 2048w, https:\/\/www.arcidiocesitrani.it\/famigliaevita\/wp-content\/uploads\/sites\/20\/2026\/02\/IMG_3120-600x400.jpg 600w, https:\/\/www.arcidiocesitrani.it\/famigliaevita\/wp-content\/uploads\/sites\/20\/2026\/02\/IMG_3120-1200x800.jpg 1200w, https:\/\/www.arcidiocesitrani.it\/famigliaevita\/wp-content\/uploads\/sites\/20\/2026\/02\/IMG_3120-800x533.jpg 800w, https:\/\/www.arcidiocesitrani.it\/famigliaevita\/wp-content\/uploads\/sites\/20\/2026\/02\/IMG_3120-272x182.jpg 272w\" sizes=\"(max-width: 300px) 100vw, 300px\" \/><\/a>\n\t\t\t<\/dt><\/dl><dl class='gallery-item'>\n\t\t\t<dt class='gallery-icon landscape'>\n\t\t\t\t<a href='https:\/\/www.arcidiocesitrani.it\/famigliaevita\/wp-content\/uploads\/sites\/20\/2026\/02\/IMG_3121-scaled.jpg' title=\"\" data-rl_title=\"\" class=\"rl-gallery-link\" data-rl_caption=\"\" data-rel=\"lightbox-gallery-1\"><img loading=\"lazy\" decoding=\"async\" width=\"300\" height=\"200\" src=\"https:\/\/www.arcidiocesitrani.it\/famigliaevita\/wp-content\/uploads\/sites\/20\/2026\/02\/IMG_3121-300x200.jpg\" class=\"attachment-medium size-medium\" alt=\"\" srcset=\"https:\/\/www.arcidiocesitrani.it\/famigliaevita\/wp-content\/uploads\/sites\/20\/2026\/02\/IMG_3121-300x200.jpg 300w, https:\/\/www.arcidiocesitrani.it\/famigliaevita\/wp-content\/uploads\/sites\/20\/2026\/02\/IMG_3121-1024x683.jpg 1024w, https:\/\/www.arcidiocesitrani.it\/famigliaevita\/wp-content\/uploads\/sites\/20\/2026\/02\/IMG_3121-768x512.jpg 768w, https:\/\/www.arcidiocesitrani.it\/famigliaevita\/wp-content\/uploads\/sites\/20\/2026\/02\/IMG_3121-1536x1024.jpg 1536w, https:\/\/www.arcidiocesitrani.it\/famigliaevita\/wp-content\/uploads\/sites\/20\/2026\/02\/IMG_3121-2048x1365.jpg 2048w, https:\/\/www.arcidiocesitrani.it\/famigliaevita\/wp-content\/uploads\/sites\/20\/2026\/02\/IMG_3121-600x400.jpg 600w, https:\/\/www.arcidiocesitrani.it\/famigliaevita\/wp-content\/uploads\/sites\/20\/2026\/02\/IMG_3121-1200x800.jpg 1200w, https:\/\/www.arcidiocesitrani.it\/famigliaevita\/wp-content\/uploads\/sites\/20\/2026\/02\/IMG_3121-800x533.jpg 800w, https:\/\/www.arcidiocesitrani.it\/famigliaevita\/wp-content\/uploads\/sites\/20\/2026\/02\/IMG_3121-272x182.jpg 272w\" sizes=\"(max-width: 300px) 100vw, 300px\" \/><\/a>\n\t\t\t<\/dt><\/dl><br style=\"clear: both\" \/><dl class='gallery-item'>\n\t\t\t<dt class='gallery-icon landscape'>\n\t\t\t\t<a href='https:\/\/www.arcidiocesitrani.it\/famigliaevita\/wp-content\/uploads\/sites\/20\/2026\/02\/IMG_3123-scaled.jpg' title=\"\" data-rl_title=\"\" class=\"rl-gallery-link\" data-rl_caption=\"\" data-rel=\"lightbox-gallery-1\"><img loading=\"lazy\" decoding=\"async\" width=\"300\" height=\"200\" src=\"https:\/\/www.arcidiocesitrani.it\/famigliaevita\/wp-content\/uploads\/sites\/20\/2026\/02\/IMG_3123-300x200.jpg\" class=\"attachment-medium size-medium\" alt=\"\" srcset=\"https:\/\/www.arcidiocesitrani.it\/famigliaevita\/wp-content\/uploads\/sites\/20\/2026\/02\/IMG_3123-300x200.jpg 300w, https:\/\/www.arcidiocesitrani.it\/famigliaevita\/wp-content\/uploads\/sites\/20\/2026\/02\/IMG_3123-1024x683.jpg 1024w, https:\/\/www.arcidiocesitrani.it\/famigliaevita\/wp-content\/uploads\/sites\/20\/2026\/02\/IMG_3123-768x512.jpg 768w, https:\/\/www.arcidiocesitrani.it\/famigliaevita\/wp-content\/uploads\/sites\/20\/2026\/02\/IMG_3123-1536x1024.jpg 1536w, https:\/\/www.arcidiocesitrani.it\/famigliaevita\/wp-content\/uploads\/sites\/20\/2026\/02\/IMG_3123-2048x1365.jpg 2048w, https:\/\/www.arcidiocesitrani.it\/famigliaevita\/wp-content\/uploads\/sites\/20\/2026\/02\/IMG_3123-600x400.jpg 600w, https:\/\/www.arcidiocesitrani.it\/famigliaevita\/wp-content\/uploads\/sites\/20\/2026\/02\/IMG_3123-1200x800.jpg 1200w, https:\/\/www.arcidiocesitrani.it\/famigliaevita\/wp-content\/uploads\/sites\/20\/2026\/02\/IMG_3123-800x533.jpg 800w, https:\/\/www.arcidiocesitrani.it\/famigliaevita\/wp-content\/uploads\/sites\/20\/2026\/02\/IMG_3123-272x182.jpg 272w\" sizes=\"(max-width: 300px) 100vw, 300px\" \/><\/a>\n\t\t\t<\/dt><\/dl><dl class='gallery-item'>\n\t\t\t<dt class='gallery-icon landscape'>\n\t\t\t\t<a href='https:\/\/www.arcidiocesitrani.it\/famigliaevita\/wp-content\/uploads\/sites\/20\/2026\/02\/IMG_3124.jpg' title=\"\" data-rl_title=\"\" class=\"rl-gallery-link\" data-rl_caption=\"\" data-rel=\"lightbox-gallery-1\"><img loading=\"lazy\" decoding=\"async\" width=\"300\" height=\"200\" src=\"https:\/\/www.arcidiocesitrani.it\/famigliaevita\/wp-content\/uploads\/sites\/20\/2026\/02\/IMG_3124-300x200.jpg\" class=\"attachment-medium size-medium\" alt=\"\" srcset=\"https:\/\/www.arcidiocesitrani.it\/famigliaevita\/wp-content\/uploads\/sites\/20\/2026\/02\/IMG_3124-300x200.jpg 300w, https:\/\/www.arcidiocesitrani.it\/famigliaevita\/wp-content\/uploads\/sites\/20\/2026\/02\/IMG_3124-1024x682.jpg 1024w, https:\/\/www.arcidiocesitrani.it\/famigliaevita\/wp-content\/uploads\/sites\/20\/2026\/02\/IMG_3124-768x512.jpg 768w, https:\/\/www.arcidiocesitrani.it\/famigliaevita\/wp-content\/uploads\/sites\/20\/2026\/02\/IMG_3124-1536x1024.jpg 1536w, https:\/\/www.arcidiocesitrani.it\/famigliaevita\/wp-content\/uploads\/sites\/20\/2026\/02\/IMG_3124-600x400.jpg 600w, https:\/\/www.arcidiocesitrani.it\/famigliaevita\/wp-content\/uploads\/sites\/20\/2026\/02\/IMG_3124-1200x800.jpg 1200w, https:\/\/www.arcidiocesitrani.it\/famigliaevita\/wp-content\/uploads\/sites\/20\/2026\/02\/IMG_3124-800x533.jpg 800w, https:\/\/www.arcidiocesitrani.it\/famigliaevita\/wp-content\/uploads\/sites\/20\/2026\/02\/IMG_3124-272x182.jpg 272w, https:\/\/www.arcidiocesitrani.it\/famigliaevita\/wp-content\/uploads\/sites\/20\/2026\/02\/IMG_3124.jpg 2000w\" sizes=\"(max-width: 300px) 100vw, 300px\" \/><\/a>\n\t\t\t<\/dt><\/dl><dl class='gallery-item'>\n\t\t\t<dt class='gallery-icon landscape'>\n\t\t\t\t<a href='https:\/\/www.arcidiocesitrani.it\/famigliaevita\/wp-content\/uploads\/sites\/20\/2026\/02\/IMG_3125-scaled.jpg' title=\"\" data-rl_title=\"\" class=\"rl-gallery-link\" data-rl_caption=\"\" data-rel=\"lightbox-gallery-1\"><img loading=\"lazy\" decoding=\"async\" width=\"300\" height=\"200\" src=\"https:\/\/www.arcidiocesitrani.it\/famigliaevita\/wp-content\/uploads\/sites\/20\/2026\/02\/IMG_3125-300x200.jpg\" class=\"attachment-medium size-medium\" alt=\"\" srcset=\"https:\/\/www.arcidiocesitrani.it\/famigliaevita\/wp-content\/uploads\/sites\/20\/2026\/02\/IMG_3125-300x200.jpg 300w, https:\/\/www.arcidiocesitrani.it\/famigliaevita\/wp-content\/uploads\/sites\/20\/2026\/02\/IMG_3125-1024x683.jpg 1024w, https:\/\/www.arcidiocesitrani.it\/famigliaevita\/wp-content\/uploads\/sites\/20\/2026\/02\/IMG_3125-768x512.jpg 768w, https:\/\/www.arcidiocesitrani.it\/famigliaevita\/wp-content\/uploads\/sites\/20\/2026\/02\/IMG_3125-1536x1024.jpg 1536w, https:\/\/www.arcidiocesitrani.it\/famigliaevita\/wp-content\/uploads\/sites\/20\/2026\/02\/IMG_3125-2048x1365.jpg 2048w, https:\/\/www.arcidiocesitrani.it\/famigliaevita\/wp-content\/uploads\/sites\/20\/2026\/02\/IMG_3125-600x400.jpg 600w, https:\/\/www.arcidiocesitrani.it\/famigliaevita\/wp-content\/uploads\/sites\/20\/2026\/02\/IMG_3125-1200x800.jpg 1200w, https:\/\/www.arcidiocesitrani.it\/famigliaevita\/wp-content\/uploads\/sites\/20\/2026\/02\/IMG_3125-800x533.jpg 800w, https:\/\/www.arcidiocesitrani.it\/famigliaevita\/wp-content\/uploads\/sites\/20\/2026\/02\/IMG_3125-272x182.jpg 272w\" sizes=\"(max-width: 300px) 100vw, 300px\" \/><\/a>\n\t\t\t<\/dt><\/dl><br style=\"clear: both\" \/><dl class='gallery-item'>\n\t\t\t<dt class='gallery-icon landscape'>\n\t\t\t\t<a href='https:\/\/www.arcidiocesitrani.it\/famigliaevita\/wp-content\/uploads\/sites\/20\/2026\/02\/IMG_3126-scaled.jpg' title=\"\" data-rl_title=\"\" class=\"rl-gallery-link\" data-rl_caption=\"\" data-rel=\"lightbox-gallery-1\"><img loading=\"lazy\" decoding=\"async\" width=\"300\" height=\"200\" src=\"https:\/\/www.arcidiocesitrani.it\/famigliaevita\/wp-content\/uploads\/sites\/20\/2026\/02\/IMG_3126-300x200.jpg\" class=\"attachment-medium size-medium\" alt=\"\" srcset=\"https:\/\/www.arcidiocesitrani.it\/famigliaevita\/wp-content\/uploads\/sites\/20\/2026\/02\/IMG_3126-300x200.jpg 300w, https:\/\/www.arcidiocesitrani.it\/famigliaevita\/wp-content\/uploads\/sites\/20\/2026\/02\/IMG_3126-1024x683.jpg 1024w, https:\/\/www.arcidiocesitrani.it\/famigliaevita\/wp-content\/uploads\/sites\/20\/2026\/02\/IMG_3126-768x512.jpg 768w, https:\/\/www.arcidiocesitrani.it\/famigliaevita\/wp-content\/uploads\/sites\/20\/2026\/02\/IMG_3126-1536x1024.jpg 1536w, https:\/\/www.arcidiocesitrani.it\/famigliaevita\/wp-content\/uploads\/sites\/20\/2026\/02\/IMG_3126-2048x1365.jpg 2048w, https:\/\/www.arcidiocesitrani.it\/famigliaevita\/wp-content\/uploads\/sites\/20\/2026\/02\/IMG_3126-600x400.jpg 600w, https:\/\/www.arcidiocesitrani.it\/famigliaevita\/wp-content\/uploads\/sites\/20\/2026\/02\/IMG_3126-1200x800.jpg 1200w, https:\/\/www.arcidiocesitrani.it\/famigliaevita\/wp-content\/uploads\/sites\/20\/2026\/02\/IMG_3126-800x533.jpg 800w, https:\/\/www.arcidiocesitrani.it\/famigliaevita\/wp-content\/uploads\/sites\/20\/2026\/02\/IMG_3126-272x182.jpg 272w\" sizes=\"(max-width: 300px) 100vw, 300px\" \/><\/a>\n\t\t\t<\/dt><\/dl><dl class='gallery-item'>\n\t\t\t<dt class='gallery-icon landscape'>\n\t\t\t\t<a href='https:\/\/www.arcidiocesitrani.it\/famigliaevita\/wp-content\/uploads\/sites\/20\/2026\/02\/IMG_3127-scaled.jpg' title=\"\" data-rl_title=\"\" class=\"rl-gallery-link\" data-rl_caption=\"\" data-rel=\"lightbox-gallery-1\"><img loading=\"lazy\" decoding=\"async\" width=\"300\" height=\"200\" src=\"https:\/\/www.arcidiocesitrani.it\/famigliaevita\/wp-content\/uploads\/sites\/20\/2026\/02\/IMG_3127-300x200.jpg\" class=\"attachment-medium size-medium\" alt=\"\" srcset=\"https:\/\/www.arcidiocesitrani.it\/famigliaevita\/wp-content\/uploads\/sites\/20\/2026\/02\/IMG_3127-300x200.jpg 300w, https:\/\/www.arcidiocesitrani.it\/famigliaevita\/wp-content\/uploads\/sites\/20\/2026\/02\/IMG_3127-1024x683.jpg 1024w, https:\/\/www.arcidiocesitrani.it\/famigliaevita\/wp-content\/uploads\/sites\/20\/2026\/02\/IMG_3127-768x512.jpg 768w, https:\/\/www.arcidiocesitrani.it\/famigliaevita\/wp-content\/uploads\/sites\/20\/2026\/02\/IMG_3127-1536x1024.jpg 1536w, https:\/\/www.arcidiocesitrani.it\/famigliaevita\/wp-content\/uploads\/sites\/20\/2026\/02\/IMG_3127-2048x1365.jpg 2048w, https:\/\/www.arcidiocesitrani.it\/famigliaevita\/wp-content\/uploads\/sites\/20\/2026\/02\/IMG_3127-600x400.jpg 600w, https:\/\/www.arcidiocesitrani.it\/famigliaevita\/wp-content\/uploads\/sites\/20\/2026\/02\/IMG_3127-1200x800.jpg 1200w, https:\/\/www.arcidiocesitrani.it\/famigliaevita\/wp-content\/uploads\/sites\/20\/2026\/02\/IMG_3127-800x533.jpg 800w, https:\/\/www.arcidiocesitrani.it\/famigliaevita\/wp-content\/uploads\/sites\/20\/2026\/02\/IMG_3127-272x182.jpg 272w\" sizes=\"(max-width: 300px) 100vw, 300px\" \/><\/a>\n\t\t\t<\/dt><\/dl><dl class='gallery-item'>\n\t\t\t<dt class='gallery-icon landscape'>\n\t\t\t\t<a href='https:\/\/www.arcidiocesitrani.it\/famigliaevita\/wp-content\/uploads\/sites\/20\/2026\/02\/IMG_3128-scaled.jpg' title=\"\" data-rl_title=\"\" class=\"rl-gallery-link\" data-rl_caption=\"\" data-rel=\"lightbox-gallery-1\"><img loading=\"lazy\" decoding=\"async\" width=\"300\" height=\"200\" src=\"https:\/\/www.arcidiocesitrani.it\/famigliaevita\/wp-content\/uploads\/sites\/20\/2026\/02\/IMG_3128-300x200.jpg\" class=\"attachment-medium size-medium\" alt=\"\" srcset=\"https:\/\/www.arcidiocesitrani.it\/famigliaevita\/wp-content\/uploads\/sites\/20\/2026\/02\/IMG_3128-300x200.jpg 300w, https:\/\/www.arcidiocesitrani.it\/famigliaevita\/wp-content\/uploads\/sites\/20\/2026\/02\/IMG_3128-1024x683.jpg 1024w, https:\/\/www.arcidiocesitrani.it\/famigliaevita\/wp-content\/uploads\/sites\/20\/2026\/02\/IMG_3128-768x512.jpg 768w, https:\/\/www.arcidiocesitrani.it\/famigliaevita\/wp-content\/uploads\/sites\/20\/2026\/02\/IMG_3128-1536x1024.jpg 1536w, https:\/\/www.arcidiocesitrani.it\/famigliaevita\/wp-content\/uploads\/sites\/20\/2026\/02\/IMG_3128-2048x1365.jpg 2048w, https:\/\/www.arcidiocesitrani.it\/famigliaevita\/wp-content\/uploads\/sites\/20\/2026\/02\/IMG_3128-600x400.jpg 600w, https:\/\/www.arcidiocesitrani.it\/famigliaevita\/wp-content\/uploads\/sites\/20\/2026\/02\/IMG_3128-1200x800.jpg 1200w, https:\/\/www.arcidiocesitrani.it\/famigliaevita\/wp-content\/uploads\/sites\/20\/2026\/02\/IMG_3128-800x533.jpg 800w, https:\/\/www.arcidiocesitrani.it\/famigliaevita\/wp-content\/uploads\/sites\/20\/2026\/02\/IMG_3128-272x182.jpg 272w\" sizes=\"(max-width: 300px) 100vw, 300px\" \/><\/a>\n\t\t\t<\/dt><\/dl><br style=\"clear: both\" \/><dl class='gallery-item'>\n\t\t\t<dt class='gallery-icon landscape'>\n\t\t\t\t<a href='https:\/\/www.arcidiocesitrani.it\/famigliaevita\/wp-content\/uploads\/sites\/20\/2026\/02\/IMG_3129-scaled.jpg' title=\"\" data-rl_title=\"\" class=\"rl-gallery-link\" data-rl_caption=\"\" data-rel=\"lightbox-gallery-1\"><img loading=\"lazy\" decoding=\"async\" width=\"300\" height=\"200\" src=\"https:\/\/www.arcidiocesitrani.it\/famigliaevita\/wp-content\/uploads\/sites\/20\/2026\/02\/IMG_3129-300x200.jpg\" class=\"attachment-medium size-medium\" alt=\"\" srcset=\"https:\/\/www.arcidiocesitrani.it\/famigliaevita\/wp-content\/uploads\/sites\/20\/2026\/02\/IMG_3129-300x200.jpg 300w, https:\/\/www.arcidiocesitrani.it\/famigliaevita\/wp-content\/uploads\/sites\/20\/2026\/02\/IMG_3129-1024x683.jpg 1024w, https:\/\/www.arcidiocesitrani.it\/famigliaevita\/wp-content\/uploads\/sites\/20\/2026\/02\/IMG_3129-768x512.jpg 768w, https:\/\/www.arcidiocesitrani.it\/famigliaevita\/wp-content\/uploads\/sites\/20\/2026\/02\/IMG_3129-1536x1024.jpg 1536w, https:\/\/www.arcidiocesitrani.it\/famigliaevita\/wp-content\/uploads\/sites\/20\/2026\/02\/IMG_3129-2048x1365.jpg 2048w, https:\/\/www.arcidiocesitrani.it\/famigliaevita\/wp-content\/uploads\/sites\/20\/2026\/02\/IMG_3129-600x400.jpg 600w, https:\/\/www.arcidiocesitrani.it\/famigliaevita\/wp-content\/uploads\/sites\/20\/2026\/02\/IMG_3129-1200x800.jpg 1200w, https:\/\/www.arcidiocesitrani.it\/famigliaevita\/wp-content\/uploads\/sites\/20\/2026\/02\/IMG_3129-800x533.jpg 800w, https:\/\/www.arcidiocesitrani.it\/famigliaevita\/wp-content\/uploads\/sites\/20\/2026\/02\/IMG_3129-272x182.jpg 272w\" sizes=\"(max-width: 300px) 100vw, 300px\" \/><\/a>\n\t\t\t<\/dt><\/dl><dl class='gallery-item'>\n\t\t\t<dt class='gallery-icon landscape'>\n\t\t\t\t<a href='https:\/\/www.arcidiocesitrani.it\/famigliaevita\/wp-content\/uploads\/sites\/20\/2026\/02\/IMG_3130-scaled.jpg' title=\"\" data-rl_title=\"\" class=\"rl-gallery-link\" data-rl_caption=\"\" data-rel=\"lightbox-gallery-1\"><img loading=\"lazy\" decoding=\"async\" width=\"300\" height=\"200\" src=\"https:\/\/www.arcidiocesitrani.it\/famigliaevita\/wp-content\/uploads\/sites\/20\/2026\/02\/IMG_3130-300x200.jpg\" class=\"attachment-medium size-medium\" alt=\"\" srcset=\"https:\/\/www.arcidiocesitrani.it\/famigliaevita\/wp-content\/uploads\/sites\/20\/2026\/02\/IMG_3130-300x200.jpg 300w, https:\/\/www.arcidiocesitrani.it\/famigliaevita\/wp-content\/uploads\/sites\/20\/2026\/02\/IMG_3130-1024x683.jpg 1024w, https:\/\/www.arcidiocesitrani.it\/famigliaevita\/wp-content\/uploads\/sites\/20\/2026\/02\/IMG_3130-768x512.jpg 768w, https:\/\/www.arcidiocesitrani.it\/famigliaevita\/wp-content\/uploads\/sites\/20\/2026\/02\/IMG_3130-1536x1024.jpg 1536w, https:\/\/www.arcidiocesitrani.it\/famigliaevita\/wp-content\/uploads\/sites\/20\/2026\/02\/IMG_3130-2048x1365.jpg 2048w, https:\/\/www.arcidiocesitrani.it\/famigliaevita\/wp-content\/uploads\/sites\/20\/2026\/02\/IMG_3130-600x400.jpg 600w, https:\/\/www.arcidiocesitrani.it\/famigliaevita\/wp-content\/uploads\/sites\/20\/2026\/02\/IMG_3130-1200x800.jpg 1200w, https:\/\/www.arcidiocesitrani.it\/famigliaevita\/wp-content\/uploads\/sites\/20\/2026\/02\/IMG_3130-800x533.jpg 800w, https:\/\/www.arcidiocesitrani.it\/famigliaevita\/wp-content\/uploads\/sites\/20\/2026\/02\/IMG_3130-272x182.jpg 272w\" sizes=\"(max-width: 300px) 100vw, 300px\" \/><\/a>\n\t\t\t<\/dt><\/dl><dl class='gallery-item'>\n\t\t\t<dt class='gallery-icon landscape'>\n\t\t\t\t<a href='https:\/\/www.arcidiocesitrani.it\/famigliaevita\/wp-content\/uploads\/sites\/20\/2026\/02\/IMG_3131-scaled.jpg' title=\"\" data-rl_title=\"\" class=\"rl-gallery-link\" data-rl_caption=\"\" data-rel=\"lightbox-gallery-1\"><img loading=\"lazy\" decoding=\"async\" width=\"300\" height=\"200\" src=\"https:\/\/www.arcidiocesitrani.it\/famigliaevita\/wp-content\/uploads\/sites\/20\/2026\/02\/IMG_3131-300x200.jpg\" class=\"attachment-medium size-medium\" alt=\"\" srcset=\"https:\/\/www.arcidiocesitrani.it\/famigliaevita\/wp-content\/uploads\/sites\/20\/2026\/02\/IMG_3131-300x200.jpg 300w, https:\/\/www.arcidiocesitrani.it\/famigliaevita\/wp-content\/uploads\/sites\/20\/2026\/02\/IMG_3131-1024x683.jpg 1024w, https:\/\/www.arcidiocesitrani.it\/famigliaevita\/wp-content\/uploads\/sites\/20\/2026\/02\/IMG_3131-768x512.jpg 768w, https:\/\/www.arcidiocesitrani.it\/famigliaevita\/wp-content\/uploads\/sites\/20\/2026\/02\/IMG_3131-1536x1024.jpg 1536w, https:\/\/www.arcidiocesitrani.it\/famigliaevita\/wp-content\/uploads\/sites\/20\/2026\/02\/IMG_3131-2048x1365.jpg 2048w, https:\/\/www.arcidiocesitrani.it\/famigliaevita\/wp-content\/uploads\/sites\/20\/2026\/02\/IMG_3131-600x400.jpg 600w, https:\/\/www.arcidiocesitrani.it\/famigliaevita\/wp-content\/uploads\/sites\/20\/2026\/02\/IMG_3131-1200x800.jpg 1200w, https:\/\/www.arcidiocesitrani.it\/famigliaevita\/wp-content\/uploads\/sites\/20\/2026\/02\/IMG_3131-800x533.jpg 800w, https:\/\/www.arcidiocesitrani.it\/famigliaevita\/wp-content\/uploads\/sites\/20\/2026\/02\/IMG_3131-272x182.jpg 272w\" sizes=\"(max-width: 300px) 100vw, 300px\" \/><\/a>\n\t\t\t<\/dt><\/dl><br style=\"clear: both\" \/><dl class='gallery-item'>\n\t\t\t<dt class='gallery-icon landscape'>\n\t\t\t\t<a href='https:\/\/www.arcidiocesitrani.it\/famigliaevita\/wp-content\/uploads\/sites\/20\/2026\/02\/IMG_3132-scaled.jpg' title=\"\" data-rl_title=\"\" class=\"rl-gallery-link\" data-rl_caption=\"\" data-rel=\"lightbox-gallery-1\"><img loading=\"lazy\" decoding=\"async\" width=\"300\" height=\"200\" src=\"https:\/\/www.arcidiocesitrani.it\/famigliaevita\/wp-content\/uploads\/sites\/20\/2026\/02\/IMG_3132-300x200.jpg\" class=\"attachment-medium size-medium\" alt=\"\" srcset=\"https:\/\/www.arcidiocesitrani.it\/famigliaevita\/wp-content\/uploads\/sites\/20\/2026\/02\/IMG_3132-300x200.jpg 300w, https:\/\/www.arcidiocesitrani.it\/famigliaevita\/wp-content\/uploads\/sites\/20\/2026\/02\/IMG_3132-1024x683.jpg 1024w, https:\/\/www.arcidiocesitrani.it\/famigliaevita\/wp-content\/uploads\/sites\/20\/2026\/02\/IMG_3132-768x512.jpg 768w, https:\/\/www.arcidiocesitrani.it\/famigliaevita\/wp-content\/uploads\/sites\/20\/2026\/02\/IMG_3132-1536x1024.jpg 1536w, https:\/\/www.arcidiocesitrani.it\/famigliaevita\/wp-content\/uploads\/sites\/20\/2026\/02\/IMG_3132-2048x1365.jpg 2048w, https:\/\/www.arcidiocesitrani.it\/famigliaevita\/wp-content\/uploads\/sites\/20\/2026\/02\/IMG_3132-600x400.jpg 600w, https:\/\/www.arcidiocesitrani.it\/famigliaevita\/wp-content\/uploads\/sites\/20\/2026\/02\/IMG_3132-1200x800.jpg 1200w, https:\/\/www.arcidiocesitrani.it\/famigliaevita\/wp-content\/uploads\/sites\/20\/2026\/02\/IMG_3132-800x533.jpg 800w, https:\/\/www.arcidiocesitrani.it\/famigliaevita\/wp-content\/uploads\/sites\/20\/2026\/02\/IMG_3132-272x182.jpg 272w\" sizes=\"(max-width: 300px) 100vw, 300px\" \/><\/a>\n\t\t\t<\/dt><\/dl><dl class='gallery-item'>\n\t\t\t<dt class='gallery-icon landscape'>\n\t\t\t\t<a href='https:\/\/www.arcidiocesitrani.it\/famigliaevita\/wp-content\/uploads\/sites\/20\/2026\/02\/IMG_3133.jpg' title=\"\" data-rl_title=\"\" class=\"rl-gallery-link\" data-rl_caption=\"\" data-rel=\"lightbox-gallery-1\"><img loading=\"lazy\" decoding=\"async\" width=\"300\" height=\"200\" src=\"https:\/\/www.arcidiocesitrani.it\/famigliaevita\/wp-content\/uploads\/sites\/20\/2026\/02\/IMG_3133-300x200.jpg\" class=\"attachment-medium size-medium\" alt=\"\" srcset=\"https:\/\/www.arcidiocesitrani.it\/famigliaevita\/wp-content\/uploads\/sites\/20\/2026\/02\/IMG_3133-300x200.jpg 300w, https:\/\/www.arcidiocesitrani.it\/famigliaevita\/wp-content\/uploads\/sites\/20\/2026\/02\/IMG_3133-1024x682.jpg 1024w, https:\/\/www.arcidiocesitrani.it\/famigliaevita\/wp-content\/uploads\/sites\/20\/2026\/02\/IMG_3133-768x512.jpg 768w, https:\/\/www.arcidiocesitrani.it\/famigliaevita\/wp-content\/uploads\/sites\/20\/2026\/02\/IMG_3133-1536x1024.jpg 1536w, https:\/\/www.arcidiocesitrani.it\/famigliaevita\/wp-content\/uploads\/sites\/20\/2026\/02\/IMG_3133-600x400.jpg 600w, https:\/\/www.arcidiocesitrani.it\/famigliaevita\/wp-content\/uploads\/sites\/20\/2026\/02\/IMG_3133-1200x800.jpg 1200w, https:\/\/www.arcidiocesitrani.it\/famigliaevita\/wp-content\/uploads\/sites\/20\/2026\/02\/IMG_3133-800x533.jpg 800w, https:\/\/www.arcidiocesitrani.it\/famigliaevita\/wp-content\/uploads\/sites\/20\/2026\/02\/IMG_3133-272x182.jpg 272w, https:\/\/www.arcidiocesitrani.it\/famigliaevita\/wp-content\/uploads\/sites\/20\/2026\/02\/IMG_3133.jpg 2000w\" sizes=\"(max-width: 300px) 100vw, 300px\" \/><\/a>\n\t\t\t<\/dt><\/dl><dl class='gallery-item'>\n\t\t\t<dt class='gallery-icon landscape'>\n\t\t\t\t<a href='https:\/\/www.arcidiocesitrani.it\/famigliaevita\/wp-content\/uploads\/sites\/20\/2026\/02\/IMG_3135-scaled.jpg' title=\"\" data-rl_title=\"\" class=\"rl-gallery-link\" data-rl_caption=\"\" data-rel=\"lightbox-gallery-1\"><img loading=\"lazy\" decoding=\"async\" width=\"300\" height=\"200\" src=\"https:\/\/www.arcidiocesitrani.it\/famigliaevita\/wp-content\/uploads\/sites\/20\/2026\/02\/IMG_3135-300x200.jpg\" class=\"attachment-medium size-medium\" alt=\"\" srcset=\"https:\/\/www.arcidiocesitrani.it\/famigliaevita\/wp-content\/uploads\/sites\/20\/2026\/02\/IMG_3135-300x200.jpg 300w, https:\/\/www.arcidiocesitrani.it\/famigliaevita\/wp-content\/uploads\/sites\/20\/2026\/02\/IMG_3135-1024x683.jpg 1024w, https:\/\/www.arcidiocesitrani.it\/famigliaevita\/wp-content\/uploads\/sites\/20\/2026\/02\/IMG_3135-768x512.jpg 768w, https:\/\/www.arcidiocesitrani.it\/famigliaevita\/wp-content\/uploads\/sites\/20\/2026\/02\/IMG_3135-1536x1024.jpg 1536w, https:\/\/www.arcidiocesitrani.it\/famigliaevita\/wp-content\/uploads\/sites\/20\/2026\/02\/IMG_3135-2048x1365.jpg 2048w, https:\/\/www.arcidiocesitrani.it\/famigliaevita\/wp-content\/uploads\/sites\/20\/2026\/02\/IMG_3135-600x400.jpg 600w, https:\/\/www.arcidiocesitrani.it\/famigliaevita\/wp-content\/uploads\/sites\/20\/2026\/02\/IMG_3135-1200x800.jpg 1200w, https:\/\/www.arcidiocesitrani.it\/famigliaevita\/wp-content\/uploads\/sites\/20\/2026\/02\/IMG_3135-800x533.jpg 800w, https:\/\/www.arcidiocesitrani.it\/famigliaevita\/wp-content\/uploads\/sites\/20\/2026\/02\/IMG_3135-272x182.jpg 272w\" sizes=\"(max-width: 300px) 100vw, 300px\" \/><\/a>\n\t\t\t<\/dt><\/dl><br style=\"clear: both\" \/><dl class='gallery-item'>\n\t\t\t<dt class='gallery-icon landscape'>\n\t\t\t\t<a href='https:\/\/www.arcidiocesitrani.it\/famigliaevita\/wp-content\/uploads\/sites\/20\/2026\/02\/IMG_3140-scaled.jpg' title=\"\" data-rl_title=\"\" class=\"rl-gallery-link\" data-rl_caption=\"\" data-rel=\"lightbox-gallery-1\"><img loading=\"lazy\" decoding=\"async\" width=\"300\" height=\"200\" src=\"https:\/\/www.arcidiocesitrani.it\/famigliaevita\/wp-content\/uploads\/sites\/20\/2026\/02\/IMG_3140-300x200.jpg\" class=\"attachment-medium size-medium\" alt=\"\" srcset=\"https:\/\/www.arcidiocesitrani.it\/famigliaevita\/wp-content\/uploads\/sites\/20\/2026\/02\/IMG_3140-300x200.jpg 300w, https:\/\/www.arcidiocesitrani.it\/famigliaevita\/wp-content\/uploads\/sites\/20\/2026\/02\/IMG_3140-1024x683.jpg 1024w, https:\/\/www.arcidiocesitrani.it\/famigliaevita\/wp-content\/uploads\/sites\/20\/2026\/02\/IMG_3140-768x512.jpg 768w, https:\/\/www.arcidiocesitrani.it\/famigliaevita\/wp-content\/uploads\/sites\/20\/2026\/02\/IMG_3140-1536x1024.jpg 1536w, https:\/\/www.arcidiocesitrani.it\/famigliaevita\/wp-content\/uploads\/sites\/20\/2026\/02\/IMG_3140-2048x1365.jpg 2048w, https:\/\/www.arcidiocesitrani.it\/famigliaevita\/wp-content\/uploads\/sites\/20\/2026\/02\/IMG_3140-600x400.jpg 600w, https:\/\/www.arcidiocesitrani.it\/famigliaevita\/wp-content\/uploads\/sites\/20\/2026\/02\/IMG_3140-1200x800.jpg 1200w, https:\/\/www.arcidiocesitrani.it\/famigliaevita\/wp-content\/uploads\/sites\/20\/2026\/02\/IMG_3140-800x533.jpg 800w, https:\/\/www.arcidiocesitrani.it\/famigliaevita\/wp-content\/uploads\/sites\/20\/2026\/02\/IMG_3140-272x182.jpg 272w\" sizes=\"(max-width: 300px) 100vw, 300px\" \/><\/a>\n\t\t\t<\/dt><\/dl><dl class='gallery-item'>\n\t\t\t<dt class='gallery-icon landscape'>\n\t\t\t\t<a href='https:\/\/www.arcidiocesitrani.it\/famigliaevita\/wp-content\/uploads\/sites\/20\/2026\/02\/IMG_3144-scaled.jpg' title=\"\" data-rl_title=\"\" class=\"rl-gallery-link\" data-rl_caption=\"\" data-rel=\"lightbox-gallery-1\"><img loading=\"lazy\" decoding=\"async\" width=\"300\" height=\"200\" src=\"https:\/\/www.arcidiocesitrani.it\/famigliaevita\/wp-content\/uploads\/sites\/20\/2026\/02\/IMG_3144-300x200.jpg\" class=\"attachment-medium size-medium\" alt=\"\" srcset=\"https:\/\/www.arcidiocesitrani.it\/famigliaevita\/wp-content\/uploads\/sites\/20\/2026\/02\/IMG_3144-300x200.jpg 300w, https:\/\/www.arcidiocesitrani.it\/famigliaevita\/wp-content\/uploads\/sites\/20\/2026\/02\/IMG_3144-1024x683.jpg 1024w, https:\/\/www.arcidiocesitrani.it\/famigliaevita\/wp-content\/uploads\/sites\/20\/2026\/02\/IMG_3144-768x512.jpg 768w, https:\/\/www.arcidiocesitrani.it\/famigliaevita\/wp-content\/uploads\/sites\/20\/2026\/02\/IMG_3144-1536x1024.jpg 1536w, https:\/\/www.arcidiocesitrani.it\/famigliaevita\/wp-content\/uploads\/sites\/20\/2026\/02\/IMG_3144-2048x1365.jpg 2048w, https:\/\/www.arcidiocesitrani.it\/famigliaevita\/wp-content\/uploads\/sites\/20\/2026\/02\/IMG_3144-600x400.jpg 600w, https:\/\/www.arcidiocesitrani.it\/famigliaevita\/wp-content\/uploads\/sites\/20\/2026\/02\/IMG_3144-1200x800.jpg 1200w, https:\/\/www.arcidiocesitrani.it\/famigliaevita\/wp-content\/uploads\/sites\/20\/2026\/02\/IMG_3144-800x533.jpg 800w, https:\/\/www.arcidiocesitrani.it\/famigliaevita\/wp-content\/uploads\/sites\/20\/2026\/02\/IMG_3144-272x182.jpg 272w\" sizes=\"(max-width: 300px) 100vw, 300px\" \/><\/a>\n\t\t\t<\/dt><\/dl><dl class='gallery-item'>\n\t\t\t<dt class='gallery-icon landscape'>\n\t\t\t\t<a href='https:\/\/www.arcidiocesitrani.it\/famigliaevita\/wp-content\/uploads\/sites\/20\/2026\/02\/IMG_3146-scaled.jpg' title=\"\" data-rl_title=\"\" class=\"rl-gallery-link\" data-rl_caption=\"\" data-rel=\"lightbox-gallery-1\"><img loading=\"lazy\" decoding=\"async\" width=\"300\" height=\"200\" src=\"https:\/\/www.arcidiocesitrani.it\/famigliaevita\/wp-content\/uploads\/sites\/20\/2026\/02\/IMG_3146-300x200.jpg\" class=\"attachment-medium size-medium\" alt=\"\" srcset=\"https:\/\/www.arcidiocesitrani.it\/famigliaevita\/wp-content\/uploads\/sites\/20\/2026\/02\/IMG_3146-300x200.jpg 300w, https:\/\/www.arcidiocesitrani.it\/famigliaevita\/wp-content\/uploads\/sites\/20\/2026\/02\/IMG_3146-1024x683.jpg 1024w, https:\/\/www.arcidiocesitrani.it\/famigliaevita\/wp-content\/uploads\/sites\/20\/2026\/02\/IMG_3146-768x512.jpg 768w, https:\/\/www.arcidiocesitrani.it\/famigliaevita\/wp-content\/uploads\/sites\/20\/2026\/02\/IMG_3146-1536x1024.jpg 1536w, https:\/\/www.arcidiocesitrani.it\/famigliaevita\/wp-content\/uploads\/sites\/20\/2026\/02\/IMG_3146-2048x1365.jpg 2048w, https:\/\/www.arcidiocesitrani.it\/famigliaevita\/wp-content\/uploads\/sites\/20\/2026\/02\/IMG_3146-600x400.jpg 600w, https:\/\/www.arcidiocesitrani.it\/famigliaevita\/wp-content\/uploads\/sites\/20\/2026\/02\/IMG_3146-1200x800.jpg 1200w, https:\/\/www.arcidiocesitrani.it\/famigliaevita\/wp-content\/uploads\/sites\/20\/2026\/02\/IMG_3146-800x533.jpg 800w, https:\/\/www.arcidiocesitrani.it\/famigliaevita\/wp-content\/uploads\/sites\/20\/2026\/02\/IMG_3146-272x182.jpg 272w\" sizes=\"(max-width: 300px) 100vw, 300px\" \/><\/a>\n\t\t\t<\/dt><\/dl><br style=\"clear: both\" \/><dl class='gallery-item'>\n\t\t\t<dt class='gallery-icon landscape'>\n\t\t\t\t<a href='https:\/\/www.arcidiocesitrani.it\/famigliaevita\/wp-content\/uploads\/sites\/20\/2026\/02\/IMG_3147-scaled.jpg' title=\"\" data-rl_title=\"\" class=\"rl-gallery-link\" data-rl_caption=\"\" data-rel=\"lightbox-gallery-1\"><img loading=\"lazy\" decoding=\"async\" width=\"300\" height=\"200\" src=\"https:\/\/www.arcidiocesitrani.it\/famigliaevita\/wp-content\/uploads\/sites\/20\/2026\/02\/IMG_3147-300x200.jpg\" class=\"attachment-medium size-medium\" alt=\"\" srcset=\"https:\/\/www.arcidiocesitrani.it\/famigliaevita\/wp-content\/uploads\/sites\/20\/2026\/02\/IMG_3147-300x200.jpg 300w, https:\/\/www.arcidiocesitrani.it\/famigliaevita\/wp-content\/uploads\/sites\/20\/2026\/02\/IMG_3147-1024x683.jpg 1024w, https:\/\/www.arcidiocesitrani.it\/famigliaevita\/wp-content\/uploads\/sites\/20\/2026\/02\/IMG_3147-768x512.jpg 768w, https:\/\/www.arcidiocesitrani.it\/famigliaevita\/wp-content\/uploads\/sites\/20\/2026\/02\/IMG_3147-1536x1024.jpg 1536w, https:\/\/www.arcidiocesitrani.it\/famigliaevita\/wp-content\/uploads\/sites\/20\/2026\/02\/IMG_3147-2048x1365.jpg 2048w, https:\/\/www.arcidiocesitrani.it\/famigliaevita\/wp-content\/uploads\/sites\/20\/2026\/02\/IMG_3147-600x400.jpg 600w, https:\/\/www.arcidiocesitrani.it\/famigliaevita\/wp-content\/uploads\/sites\/20\/2026\/02\/IMG_3147-1200x800.jpg 1200w, https:\/\/www.arcidiocesitrani.it\/famigliaevita\/wp-content\/uploads\/sites\/20\/2026\/02\/IMG_3147-800x533.jpg 800w, https:\/\/www.arcidiocesitrani.it\/famigliaevita\/wp-content\/uploads\/sites\/20\/2026\/02\/IMG_3147-272x182.jpg 272w\" sizes=\"(max-width: 300px) 100vw, 300px\" \/><\/a>\n\t\t\t<\/dt><\/dl><dl class='gallery-item'>\n\t\t\t<dt class='gallery-icon landscape'>\n\t\t\t\t<a href='https:\/\/www.arcidiocesitrani.it\/famigliaevita\/wp-content\/uploads\/sites\/20\/2026\/02\/IMG_3148-scaled.jpg' title=\"\" data-rl_title=\"\" class=\"rl-gallery-link\" data-rl_caption=\"\" data-rel=\"lightbox-gallery-1\"><img loading=\"lazy\" decoding=\"async\" width=\"300\" height=\"200\" src=\"https:\/\/www.arcidiocesitrani.it\/famigliaevita\/wp-content\/uploads\/sites\/20\/2026\/02\/IMG_3148-300x200.jpg\" class=\"attachment-medium size-medium\" alt=\"\" srcset=\"https:\/\/www.arcidiocesitrani.it\/famigliaevita\/wp-content\/uploads\/sites\/20\/2026\/02\/IMG_3148-300x200.jpg 300w, https:\/\/www.arcidiocesitrani.it\/famigliaevita\/wp-content\/uploads\/sites\/20\/2026\/02\/IMG_3148-1024x683.jpg 1024w, https:\/\/www.arcidiocesitrani.it\/famigliaevita\/wp-content\/uploads\/sites\/20\/2026\/02\/IMG_3148-768x512.jpg 768w, https:\/\/www.arcidiocesitrani.it\/famigliaevita\/wp-content\/uploads\/sites\/20\/2026\/02\/IMG_3148-1536x1024.jpg 1536w, https:\/\/www.arcidiocesitrani.it\/famigliaevita\/wp-content\/uploads\/sites\/20\/2026\/02\/IMG_3148-2048x1365.jpg 2048w, https:\/\/www.arcidiocesitrani.it\/famigliaevita\/wp-content\/uploads\/sites\/20\/2026\/02\/IMG_3148-600x400.jpg 600w, https:\/\/www.arcidiocesitrani.it\/famigliaevita\/wp-content\/uploads\/sites\/20\/2026\/02\/IMG_3148-1200x800.jpg 1200w, https:\/\/www.arcidiocesitrani.it\/famigliaevita\/wp-content\/uploads\/sites\/20\/2026\/02\/IMG_3148-800x533.jpg 800w, https:\/\/www.arcidiocesitrani.it\/famigliaevita\/wp-content\/uploads\/sites\/20\/2026\/02\/IMG_3148-272x182.jpg 272w\" sizes=\"(max-width: 300px) 100vw, 300px\" \/><\/a>\n\t\t\t<\/dt><\/dl>\n\t\t\t<br style='clear: both' \/>\n\t\t<\/div>\n<\/div><\/div><\/div><div id=\"pg-341-1\"  class=\"panel-grid panel-no-style\" ><div id=\"pgc-341-1-0\"  class=\"panel-grid-cell\" ><div id=\"panel-341-1-0-0\" class=\"so-panel widget widget_sow-editor panel-first-child panel-last-child\" data-index=\"1\" ><div\n\t\t\t\n\t\t\tclass=\"so-widget-sow-editor so-widget-sow-editor-base\"\n\t\t\t\n\t\t>\n<div class=\"siteorigin-widget-tinymce textwidget\">\n\t<p>\u00a0<\/p>\n<p>L\u2019Arcidiocesi di Trani-Barletta-Bisceglie, tramite l\u2019Ufficio Diocesano Famiglia e Vita e in collaborazione con il Servizio Diocesano Fedeli Separati, organizza un incontro formativo dal titolo \u201cA Due a Due, per tutti i giorni della vita. Tra fiducia e progettualit\u00e0\u201d, rivolto a operatori pastorali, coppie, presbiteri, religiosi e religiose impegnati nella formazione dei nubendi.<\/p>\n<p>L\u2019appuntamento si terr\u00e0 domenica 15 marzo 2026, dalle ore 9.30 alle 12.00, presso il Seminario Diocesano \u201cDon Pasquale Uva\u201d, in Via Seminario 42 \u2013 Bisceglie.<\/p>\n<p>La mattinata sar\u00e0 guidata dalla dott.ssa Maria Pia Colella, che affronter\u00e0 il tema della costruzione di relazioni solide e consapevoli, fondate sulla fiducia reciproca e sulla capacit\u00e0 di progettare insieme il proprio cammino di vita.<\/p>\n<p>A seguire, alle ore 12.15, si terr\u00e0 la celebrazione eucaristica presieduta dall\u2019Arcivescovo mons. Leonardo D\u2019Ascenzo.<\/p>\n<p>Per partecipare \u00e8 richiesta l\u2019iscrizione tramite il QR code presente nella locandina ufficiale.<\/p>\n<p>L\u2019iniziativa si inserisce nel percorso di accompagnamento delle famiglie e delle coppie promosso dalla diocesi, con l\u2019obiettivo di offrire strumenti concreti e un sostegno qualificato a chi opera nella pastorale familiare.<\/p>\n<p>Di seguito si riporta il testo della comunicazione alla comunit\u00e0 ecclesiale diocesana a firma dei condirettori dell\u2019Ufficio diocesano Famiglia e Vita, Gina Scaringella e Giuseppe Liso, Arcangela Delcuratolo e Savino Di Perna unitamente all\u2019Equipe diocesana dell\u2019Ufficio medesimo:<\/p>\n<p>\u00abRev.mi parroci, cari operatori parrocchiali, responsabili di gruppi, associazioni e movimenti ecclesiali, direttori dei consultori d\u2019ispirazione cristiana, vi salutiamo con affetto e vi ringraziamo per l\u2019impegno ed il coinvolgimento manifestato durante il nostro primo incontro.<\/p>\n<p>Abbiamo ancora negli occhi e nel cuore i vostri volti incuriositi, fiduciosi, meravigliati e gioiosi per quanto vissuto, ricevuto e accolto non solo nell\u2019incontro formativo ma anche nell\u2019incontro diocesano dei nubendi. Abbiamo testimoniato la gioia di essere in due, di scoprire la bellezza del camminare insieme, pur nella diversit\u00e0 e unicit\u00e0 di ciascuno, ma con la disponibilit\u00e0 a farsi dono e ad accoglierlo nel cammino verso e nel matrimonio.<\/p>\n<p>Ci apprestiamo a vivere il nostro 2\u00b0 incontro formativo, durante il quale saremo accompagnati a cogliere i passaggi chiave nella progettazione e costruzione della coniugalit\u00e0. E anche questa volta abbiamo invitato una esperta che coniuga il proprio sapere scientifico con la vita spirituale, senza cadere in psicologismi ma fedele alla logica dell\u2019Incarnazione in cui l\u2019umano \u00e8 diventato la \u2018casa\u2019 di Dio in mezzo a noi.<\/p>\n<p>Vi alleghiamo la locandina nel formato che permette di rispettare l\u2019ambiente e facilita la condivisione con coloro che vorrete\u00a0 invitare a presenziare.<\/p>\n<p>Per questo vi chiediamo una particolare attenzione a quanto proposto, nutrendo la speranza di avervi con noi nei vari appuntamenti e\/o di coinvolgere almeno una coppia della vostra comunit\u00e0 a partecipare, provvedendo alla iscrizione indicata sulla locandina.<\/p>\n<p>Felici di servire la nostra Chiesa come e con voi, vi abbracciamo fraternamente\u00bb.<\/p>\n<\/div>\n<\/div><\/div><\/div><\/div><\/div>","protected":false},"excerpt":{"rendered":"<p>\u00a0L\u2019Arcidiocesi di Trani-Barletta-Bisceglie, tramite l\u2019Ufficio Diocesano Famiglia e Vita e in collaborazione con il Servizio Diocesano Fedeli Separati, organizza un incontro formativo dal titolo \u201cA Due a Due, per tutti i giorni della vita. Tra fiducia e progettualit\u00e0\u201d, rivolto a operatori pastorali, coppie, presbiteri, religiosi e religiose impegnati nella formazione dei nubendi.L\u2019appuntamento si terr\u00e0 domenica 15 marzo 2026, dalle ore 9.30 alle 12.00, presso il &hellip; <a href=\"https:\/\/www.arcidiocesitrani.it\/famigliaevita\/a-due-a-due-fiducia-e-progettualita-un-percorso-per-accompagnare-coppie-e-operatori-pastorali\/\" class=\"more-link\">Continua a leggere <span class=\"screen-reader-text\"><\/span> <span class=\"meta-nav\">&raquo;<\/span><\/a><\/p>\n","protected":false},"author":10,"featured_media":342,"comment_status":"closed","ping_status":"closed","sticky":false,"template":"","format":"standard","meta":{"_acf_changed":false,"ip_address":"","user_agent":"","level":"","revision":"","cookie_id":"","page_referer":"","html_form":"","footnotes":""},"categories":[6],"tags":[],"acf":[],"_links":{"self":[{"href":"https:\/\/www.arcidiocesitrani.it\/famigliaevita\/wp-json\/wp\/v2\/posts\/341"}],"collection":[{"href":"https:\/\/www.arcidiocesitrani.it\/famigliaevita\/wp-json\/wp\/v2\/posts"}],"about":[{"href":"https:\/\/www.arcidiocesitrani.it\/famigliaevita\/wp-json\/wp\/v2\/types\/post"}],"author":[{"embeddable":true,"href":"https:\/\/www.arcidiocesitrani.it\/famigliaevita\/wp-json\/wp\/v2\/users\/10"}],"replies":[{"embeddable":true,"href":"https:\/\/www.arcidiocesitrani.it\/famigliaevita\/wp-json\/wp\/v2\/comments?post=341"}],"version-history":[{"count":2,"href":"https:\/\/www.arcidiocesitrani.it\/famigliaevita\/wp-json\/wp\/v2\/posts\/341\/revisions"}],"predecessor-version":[{"id":374,"href":"https:\/\/www.arcidiocesitrani.it\/famigliaevita\/wp-json\/wp\/v2\/posts\/341\/revisions\/374"}],"wp:featuredmedia":[{"embeddable":true,"href":"https:\/\/www.arcidiocesitrani.it\/famigliaevita\/wp-json\/wp\/v2\/media\/342"}],"wp:attachment":[{"href":"https:\/\/www.arcidiocesitrani.it\/famigliaevita\/wp-json\/wp\/v2\/media?parent=341"}],"wp:term":[{"taxonomy":"category","embeddable":true,"href":"https:\/\/www.arcidiocesitrani.it\/famigliaevita\/wp-json\/wp\/v2\/categories?post=341"},{"taxonomy":"post_tag","embeddable":true,"href":"https:\/\/www.arcidiocesitrani.it\/famigliaevita\/wp-json\/wp\/v2\/tags?post=341"}],"curies":[{"name":"wp","href":"https:\/\/api.w.org\/{rel}","templated":true}]}}