{"id":1297,"date":"2025-11-29T15:38:30","date_gmt":"2025-11-29T14:38:30","guid":{"rendered":"https:\/\/www.arcidiocesitrani.it\/formazionedeisacerdoti\/preghiere-e-catechesi-mistagogiche-domenicali-ciclo-a\/"},"modified":"2025-12-05T12:33:35","modified_gmt":"2025-12-05T11:33:35","slug":"preghiere-e-catechesi-mistagogiche-domenicali-ciclo-a","status":"publish","type":"post","link":"https:\/\/www.arcidiocesitrani.it\/formazionedeisacerdoti\/preghiere-e-catechesi-mistagogiche-domenicali-ciclo-a\/","title":{"rendered":"PREGHIERE E CATECHESI MISTAGOGICHE DOMENICALI CICLO A"},"content":{"rendered":"<span class=\"synved-social-container synved-social-container-share\"><a class=\"synved-social-button synved-social-button-share synved-social-size-16 synved-social-resolution-single synved-social-provider-facebook nolightbox\" data-provider=\"facebook\" target=\"_blank\" rel=\"nofollow\" title=\"Share on Facebook\" href=\"https:\/\/www.facebook.com\/sharer.php?u=https%3A%2F%2Fwww.arcidiocesitrani.it%2Fformazionedeisacerdoti%2Fwp-json%2Fwp%2Fv2%2Fposts%2F1297&#038;t=PREGHIERE%20E%20CATECHESI%20MISTAGOGICHE%20DOMENICALI%20CICLO%20A&#038;s=100&#038;p&#091;url&#093;=https%3A%2F%2Fwww.arcidiocesitrani.it%2Fformazionedeisacerdoti%2Fwp-json%2Fwp%2Fv2%2Fposts%2F1297&#038;p&#091;images&#093;&#091;0&#093;=https%3A%2F%2Fwww.arcidiocesitrani.it%2Fformazionedeisacerdoti%2Fwp-content%2Fuploads%2Fsites%2F22%2F2025%2F12%2F2025.11.29.Sussidio-di-Don-Francesco-DellOrco.jpg&#038;p&#091;title&#093;=PREGHIERE%20E%20CATECHESI%20MISTAGOGICHE%20DOMENICALI%20CICLO%20A\" style=\"font-size: 0px;width:16px;height:16px;margin:0;margin-bottom:5px;margin-right:5px\"><img loading=\"lazy\" decoding=\"async\" alt=\"Facebook\" title=\"Share on Facebook\" class=\"synved-share-image synved-social-image synved-social-image-share\" width=\"16\" height=\"16\" style=\"display: inline;width:16px;height:16px;margin: 0;padding: 0;border: none;box-shadow: none\" src=\"https:\/\/www.arcidiocesitrani.it\/formazionedeisacerdoti\/wp-content\/plugins\/social-media-feather\/synved-social\/image\/social\/regular\/32x32\/facebook.png\" \/><\/a><a class=\"synved-social-button synved-social-button-share synved-social-size-16 synved-social-resolution-single synved-social-provider-twitter nolightbox\" data-provider=\"twitter\" target=\"_blank\" rel=\"nofollow\" title=\"Share on Twitter\" href=\"https:\/\/twitter.com\/intent\/tweet?url=https%3A%2F%2Fwww.arcidiocesitrani.it%2Fformazionedeisacerdoti%2Fwp-json%2Fwp%2Fv2%2Fposts%2F1297&#038;text=Hey%20check%20this%20out\" style=\"font-size: 0px;width:16px;height:16px;margin:0;margin-bottom:5px;margin-right:5px\"><img loading=\"lazy\" decoding=\"async\" alt=\"twitter\" title=\"Share on Twitter\" class=\"synved-share-image synved-social-image synved-social-image-share\" width=\"16\" height=\"16\" style=\"display: inline;width:16px;height:16px;margin: 0;padding: 0;border: none;box-shadow: none\" src=\"https:\/\/www.arcidiocesitrani.it\/formazionedeisacerdoti\/wp-content\/plugins\/social-media-feather\/synved-social\/image\/social\/regular\/32x32\/twitter.png\" \/><\/a><a class=\"synved-social-button synved-social-button-share synved-social-size-16 synved-social-resolution-single synved-social-provider-reddit nolightbox\" data-provider=\"reddit\" target=\"_blank\" rel=\"nofollow\" title=\"Share on Reddit\" href=\"https:\/\/www.reddit.com\/submit?url=https%3A%2F%2Fwww.arcidiocesitrani.it%2Fformazionedeisacerdoti%2Fwp-json%2Fwp%2Fv2%2Fposts%2F1297&#038;title=PREGHIERE%20E%20CATECHESI%20MISTAGOGICHE%20DOMENICALI%20CICLO%20A\" style=\"font-size: 0px;width:16px;height:16px;margin:0;margin-bottom:5px;margin-right:5px\"><img loading=\"lazy\" decoding=\"async\" alt=\"reddit\" title=\"Share on Reddit\" class=\"synved-share-image synved-social-image synved-social-image-share\" width=\"16\" height=\"16\" style=\"display: inline;width:16px;height:16px;margin: 0;padding: 0;border: none;box-shadow: none\" src=\"https:\/\/www.arcidiocesitrani.it\/formazionedeisacerdoti\/wp-content\/plugins\/social-media-feather\/synved-social\/image\/social\/regular\/32x32\/reddit.png\" \/><\/a><a class=\"synved-social-button synved-social-button-share synved-social-size-16 synved-social-resolution-single synved-social-provider-pinterest nolightbox\" data-provider=\"pinterest\" target=\"_blank\" rel=\"nofollow\" title=\"Pin it with Pinterest\" href=\"https:\/\/pinterest.com\/pin\/create\/button\/?url=https%3A%2F%2Fwww.arcidiocesitrani.it%2Fformazionedeisacerdoti%2Fwp-json%2Fwp%2Fv2%2Fposts%2F1297&#038;media=https%3A%2F%2Fwww.arcidiocesitrani.it%2Fformazionedeisacerdoti%2Fwp-content%2Fuploads%2Fsites%2F22%2F2025%2F12%2F2025.11.29.Sussidio-di-Don-Francesco-DellOrco.jpg&#038;description=PREGHIERE%20E%20CATECHESI%20MISTAGOGICHE%20DOMENICALI%20CICLO%20A\" style=\"font-size: 0px;width:16px;height:16px;margin:0;margin-bottom:5px;margin-right:5px\"><img loading=\"lazy\" decoding=\"async\" alt=\"pinterest\" title=\"Pin it with Pinterest\" class=\"synved-share-image synved-social-image synved-social-image-share\" width=\"16\" height=\"16\" style=\"display: inline;width:16px;height:16px;margin: 0;padding: 0;border: none;box-shadow: none\" src=\"https:\/\/www.arcidiocesitrani.it\/formazionedeisacerdoti\/wp-content\/plugins\/social-media-feather\/synved-social\/image\/social\/regular\/32x32\/pinterest.png\" \/><\/a><a class=\"synved-social-button synved-social-button-share synved-social-size-16 synved-social-resolution-single synved-social-provider-linkedin nolightbox\" data-provider=\"linkedin\" target=\"_blank\" rel=\"nofollow\" title=\"Share on Linkedin\" href=\"https:\/\/www.linkedin.com\/shareArticle?mini=true&#038;url=https%3A%2F%2Fwww.arcidiocesitrani.it%2Fformazionedeisacerdoti%2Fwp-json%2Fwp%2Fv2%2Fposts%2F1297&#038;title=PREGHIERE%20E%20CATECHESI%20MISTAGOGICHE%20DOMENICALI%20CICLO%20A\" style=\"font-size: 0px;width:16px;height:16px;margin:0;margin-bottom:5px;margin-right:5px\"><img loading=\"lazy\" decoding=\"async\" alt=\"linkedin\" title=\"Share on Linkedin\" class=\"synved-share-image synved-social-image synved-social-image-share\" width=\"16\" height=\"16\" style=\"display: inline;width:16px;height:16px;margin: 0;padding: 0;border: none;box-shadow: none\" src=\"https:\/\/www.arcidiocesitrani.it\/formazionedeisacerdoti\/wp-content\/plugins\/social-media-feather\/synved-social\/image\/social\/regular\/32x32\/linkedin.png\" \/><\/a><a class=\"synved-social-button synved-social-button-share synved-social-size-16 synved-social-resolution-single synved-social-provider-mail nolightbox\" data-provider=\"mail\" rel=\"nofollow\" title=\"Share by email\" href=\"mailto:?subject=PREGHIERE%20E%20CATECHESI%20MISTAGOGICHE%20DOMENICALI%20CICLO%20A&#038;body=Hey%20check%20this%20out:%20https%3A%2F%2Fwww.arcidiocesitrani.it%2Fformazionedeisacerdoti%2Fwp-json%2Fwp%2Fv2%2Fposts%2F1297\" style=\"font-size: 0px;width:16px;height:16px;margin:0;margin-bottom:5px\"><img loading=\"lazy\" decoding=\"async\" alt=\"mail\" title=\"Share by email\" class=\"synved-share-image synved-social-image synved-social-image-share\" width=\"16\" height=\"16\" style=\"display: inline;width:16px;height:16px;margin: 0;padding: 0;border: none;box-shadow: none\" src=\"https:\/\/www.arcidiocesitrani.it\/formazionedeisacerdoti\/wp-content\/plugins\/social-media-feather\/synved-social\/image\/social\/regular\/32x32\/mail.png\" \/><\/a><\/span><h1 style=\"text-align: center\"><strong><a href=\"https:\/\/www.arcidiocesitrani.it\/wp-content\/uploads\/sites\/2\/2025\/11\/mistagogia__anno_A_2025.pdf\"><img loading=\"lazy\" decoding=\"async\" class=\"alignnone wp-image-242309\" src=\"https:\/\/www.arcidiocesitrani.it\/wp-content\/uploads\/sites\/2\/2025\/03\/logo-pdf.jpeg\" alt=\"\" width=\"132\" height=\"132\" \/>mistagogia__anno_A_2025<\/a><\/strong><\/h1>\n<p>Carissime e Carissimi,<br \/>\ndon Francesco Dell&#8217;Orco, parroco di \u201cSan Lorenzo\u201d in Bisceglie, all&#8217;inizio del nuovo anno liturgico condivide il suo testo &#8220;Per crescere nella conoscenza e nell&#8217;amore di Ges\u00f9 Cristo. Preghiere e catechesi mistagogiche domenicali ciclo A&#8221;.<\/p>\n<p>Accogliamo questo piccolo dono, ripartendo insieme dall&#8217;Eucaristia che ci rende Chiesa missionaria nello stile della prossimit\u00e0, come ci ha esortato il nostro Arcivescovo Mons. Leonardo D&#8217;Ascenzo in questo nuovo anno pastorale, ricordandoci\u00a0\u00a0che siamo una missione\u00a0 su questa terra (Papa Francesco in Evangelii gaudium, 273).<\/p>\n<p>Ringraziamo don Francesco, impegnandoci a leggere e meditare il testo, animati dal desiderio che le celebrazioni liturgiche tornino &#8220;ad essere significative, attrattive e accessibili (Cfr LAS, 22), in modo da iniziare gradualmente i fedeli al Mistero&#8221; (Documento di sintesi del cammino sinodale delle Chiese che sono in Italia, Lievito di pace e di speranza,25.10.2025, n. 36).<\/p>\n<p>Nell&#8217;Eucaristia il Dio con noi si dona a noi per renderci segno di Lui nel mondo!<\/p>\n<p>\u00c8 bello notare che l&#8217;evangelista san Matteo all&#8217;inizio del suo Vangelo riporta la profezia messianica di Isaia, ricordata in sogno a Giuseppe dall&#8217;angelo del Signore: &#8220;Ecco, la vergine concepir\u00e0 e dar\u00e0 alla luce un figlio: a lui sar\u00e0 dato il nome di Emmanuele, che significa Dio con noi&#8221; (Mt 1,23). E a conclusione del Vangelo leggiamo le parole del Risorto: &#8220;Ecco, io sono con voi tutti i giorni, fino alla fine del mondo\u00bb (Mt 28,20 b)<\/p>\n<p>Buon cammino, accompagnati da Maria Ss.ma, Donna eucaristica.<\/p>\n<p>don Cosimo Delcuratolo,<br \/>\nVicario episcopale\u00a0per\u00a0il\u00a0clero<\/p>\n","protected":false},"excerpt":{"rendered":"<p>mistagogia__anno_A_2025 Carissime e Carissimi, don Francesco Dell&#8217;Orco, parroco di \u201cSan Lorenzo\u201d in Bisceglie, all&#8217;inizio del nuovo anno liturgico condivide il suo testo &#8220;Per crescere nella conoscenza e nell&#8217;amore di Ges\u00f9 Cristo. Preghiere e catechesi mistagogiche domenicali ciclo A&#8221;. Accogliamo questo piccolo dono, ripartendo insieme dall&#8217;Eucaristia che ci rende Chiesa missionaria nello stile della prossimit\u00e0, come ci ha esortato il nostro Arcivescovo Mons. Leonardo D&#8217;Ascenzo in &hellip; <a href=\"https:\/\/www.arcidiocesitrani.it\/formazionedeisacerdoti\/preghiere-e-catechesi-mistagogiche-domenicali-ciclo-a\/\" class=\"more-link\">Continua a leggere <span class=\"screen-reader-text\"><\/span> <span class=\"meta-nav\">&raquo;<\/span><\/a><\/p>\n","protected":false},"author":10,"featured_media":1298,"comment_status":"closed","ping_status":"closed","sticky":false,"template":"","format":"standard","meta":{"_acf_changed":false,"ip_address":"","user_agent":"","level":"","revision":"","cookie_id":"","page_referer":"","html_form":"","footnotes":""},"categories":[1],"tags":[],"acf":[],"_links":{"self":[{"href":"https:\/\/www.arcidiocesitrani.it\/formazionedeisacerdoti\/wp-json\/wp\/v2\/posts\/1297"}],"collection":[{"href":"https:\/\/www.arcidiocesitrani.it\/formazionedeisacerdoti\/wp-json\/wp\/v2\/posts"}],"about":[{"href":"https:\/\/www.arcidiocesitrani.it\/formazionedeisacerdoti\/wp-json\/wp\/v2\/types\/post"}],"author":[{"embeddable":true,"href":"https:\/\/www.arcidiocesitrani.it\/formazionedeisacerdoti\/wp-json\/wp\/v2\/users\/10"}],"replies":[{"embeddable":true,"href":"https:\/\/www.arcidiocesitrani.it\/formazionedeisacerdoti\/wp-json\/wp\/v2\/comments?post=1297"}],"version-history":[{"count":4,"href":"https:\/\/www.arcidiocesitrani.it\/formazionedeisacerdoti\/wp-json\/wp\/v2\/posts\/1297\/revisions"}],"predecessor-version":[{"id":1309,"href":"https:\/\/www.arcidiocesitrani.it\/formazionedeisacerdoti\/wp-json\/wp\/v2\/posts\/1297\/revisions\/1309"}],"wp:featuredmedia":[{"embeddable":true,"href":"https:\/\/www.arcidiocesitrani.it\/formazionedeisacerdoti\/wp-json\/wp\/v2\/media\/1298"}],"wp:attachment":[{"href":"https:\/\/www.arcidiocesitrani.it\/formazionedeisacerdoti\/wp-json\/wp\/v2\/media?parent=1297"}],"wp:term":[{"taxonomy":"category","embeddable":true,"href":"https:\/\/www.arcidiocesitrani.it\/formazionedeisacerdoti\/wp-json\/wp\/v2\/categories?post=1297"},{"taxonomy":"post_tag","embeddable":true,"href":"https:\/\/www.arcidiocesitrani.it\/formazionedeisacerdoti\/wp-json\/wp\/v2\/tags?post=1297"}],"curies":[{"name":"wp","href":"https:\/\/api.w.org\/{rel}","templated":true}]}}