{"id":643,"date":"2024-03-15T09:25:46","date_gmt":"2024-03-15T08:25:46","guid":{"rendered":"https:\/\/www.arcidiocesitrani.it\/formazionedeisacerdoti\/?p=643"},"modified":"2024-05-17T12:24:48","modified_gmt":"2024-05-17T10:24:48","slug":"partirono-senza-indugio-e-fecero-ritorno-a-gerusalemme-lc-2433","status":"publish","type":"post","link":"https:\/\/www.arcidiocesitrani.it\/formazionedeisacerdoti\/partirono-senza-indugio-e-fecero-ritorno-a-gerusalemme-lc-2433\/","title":{"rendered":"&#8220;PARTIRONO SENZA INDUGIO E FECERO RITORNO A GERUSALEMME&#8221; (Lc 24,33)"},"content":{"rendered":"<span class=\"synved-social-container synved-social-container-share\"><a class=\"synved-social-button synved-social-button-share synved-social-size-16 synved-social-resolution-single synved-social-provider-facebook nolightbox\" data-provider=\"facebook\" target=\"_blank\" rel=\"nofollow\" title=\"Share on Facebook\" href=\"https:\/\/www.facebook.com\/sharer.php?u=https%3A%2F%2Fwww.arcidiocesitrani.it%2Fformazionedeisacerdoti%2Fwp-json%2Fwp%2Fv2%2Fposts%2F643&#038;t=%E2%80%9CPARTIRONO%20SENZA%20INDUGIO%20E%20FECERO%20RITORNO%20A%20GERUSALEMME%E2%80%9D%20%28Lc%2024%2C33%29&#038;s=100&#038;p&#091;url&#093;=https%3A%2F%2Fwww.arcidiocesitrani.it%2Fformazionedeisacerdoti%2Fwp-json%2Fwp%2Fv2%2Fposts%2F643&#038;p&#091;images&#093;&#091;0&#093;=https%3A%2F%2Fwww.arcidiocesitrani.it%2Fformazionedeisacerdoti%2Fwp-content%2Fuploads%2Fsites%2F22%2F2024%2F03%2FCopia-di-Copia-di-Copia-di-Copia-di-Copia-di-Light-Green-Tan-Gold-Home-Staging-Real-Estate-Social-Media.png&#038;p&#091;title&#093;=%E2%80%9CPARTIRONO%20SENZA%20INDUGIO%20E%20FECERO%20RITORNO%20A%20GERUSALEMME%E2%80%9D%20%28Lc%2024%2C33%29\" style=\"font-size: 0px;width:16px;height:16px;margin:0;margin-bottom:5px;margin-right:5px\"><img loading=\"lazy\" decoding=\"async\" alt=\"Facebook\" title=\"Share on Facebook\" class=\"synved-share-image synved-social-image synved-social-image-share\" width=\"16\" height=\"16\" style=\"display: inline;width:16px;height:16px;margin: 0;padding: 0;border: none;box-shadow: none\" src=\"https:\/\/www.arcidiocesitrani.it\/formazionedeisacerdoti\/wp-content\/plugins\/social-media-feather\/synved-social\/image\/social\/regular\/32x32\/facebook.png\" \/><\/a><a class=\"synved-social-button synved-social-button-share synved-social-size-16 synved-social-resolution-single synved-social-provider-twitter nolightbox\" data-provider=\"twitter\" target=\"_blank\" rel=\"nofollow\" title=\"Share on Twitter\" href=\"https:\/\/twitter.com\/intent\/tweet?url=https%3A%2F%2Fwww.arcidiocesitrani.it%2Fformazionedeisacerdoti%2Fwp-json%2Fwp%2Fv2%2Fposts%2F643&#038;text=Hey%20check%20this%20out\" style=\"font-size: 0px;width:16px;height:16px;margin:0;margin-bottom:5px;margin-right:5px\"><img loading=\"lazy\" decoding=\"async\" alt=\"twitter\" title=\"Share on Twitter\" class=\"synved-share-image synved-social-image synved-social-image-share\" width=\"16\" height=\"16\" style=\"display: inline;width:16px;height:16px;margin: 0;padding: 0;border: none;box-shadow: none\" src=\"https:\/\/www.arcidiocesitrani.it\/formazionedeisacerdoti\/wp-content\/plugins\/social-media-feather\/synved-social\/image\/social\/regular\/32x32\/twitter.png\" \/><\/a><a class=\"synved-social-button synved-social-button-share synved-social-size-16 synved-social-resolution-single synved-social-provider-reddit nolightbox\" data-provider=\"reddit\" target=\"_blank\" rel=\"nofollow\" title=\"Share on Reddit\" href=\"https:\/\/www.reddit.com\/submit?url=https%3A%2F%2Fwww.arcidiocesitrani.it%2Fformazionedeisacerdoti%2Fwp-json%2Fwp%2Fv2%2Fposts%2F643&#038;title=%E2%80%9CPARTIRONO%20SENZA%20INDUGIO%20E%20FECERO%20RITORNO%20A%20GERUSALEMME%E2%80%9D%20%28Lc%2024%2C33%29\" style=\"font-size: 0px;width:16px;height:16px;margin:0;margin-bottom:5px;margin-right:5px\"><img loading=\"lazy\" decoding=\"async\" alt=\"reddit\" title=\"Share on Reddit\" class=\"synved-share-image synved-social-image synved-social-image-share\" width=\"16\" height=\"16\" style=\"display: inline;width:16px;height:16px;margin: 0;padding: 0;border: none;box-shadow: none\" src=\"https:\/\/www.arcidiocesitrani.it\/formazionedeisacerdoti\/wp-content\/plugins\/social-media-feather\/synved-social\/image\/social\/regular\/32x32\/reddit.png\" \/><\/a><a class=\"synved-social-button synved-social-button-share synved-social-size-16 synved-social-resolution-single synved-social-provider-pinterest nolightbox\" data-provider=\"pinterest\" target=\"_blank\" rel=\"nofollow\" title=\"Pin it with Pinterest\" href=\"https:\/\/pinterest.com\/pin\/create\/button\/?url=https%3A%2F%2Fwww.arcidiocesitrani.it%2Fformazionedeisacerdoti%2Fwp-json%2Fwp%2Fv2%2Fposts%2F643&#038;media=https%3A%2F%2Fwww.arcidiocesitrani.it%2Fformazionedeisacerdoti%2Fwp-content%2Fuploads%2Fsites%2F22%2F2024%2F03%2FCopia-di-Copia-di-Copia-di-Copia-di-Copia-di-Light-Green-Tan-Gold-Home-Staging-Real-Estate-Social-Media.png&#038;description=%E2%80%9CPARTIRONO%20SENZA%20INDUGIO%20E%20FECERO%20RITORNO%20A%20GERUSALEMME%E2%80%9D%20%28Lc%2024%2C33%29\" style=\"font-size: 0px;width:16px;height:16px;margin:0;margin-bottom:5px;margin-right:5px\"><img loading=\"lazy\" decoding=\"async\" alt=\"pinterest\" title=\"Pin it with Pinterest\" class=\"synved-share-image synved-social-image synved-social-image-share\" width=\"16\" height=\"16\" style=\"display: inline;width:16px;height:16px;margin: 0;padding: 0;border: none;box-shadow: none\" src=\"https:\/\/www.arcidiocesitrani.it\/formazionedeisacerdoti\/wp-content\/plugins\/social-media-feather\/synved-social\/image\/social\/regular\/32x32\/pinterest.png\" \/><\/a><a class=\"synved-social-button synved-social-button-share synved-social-size-16 synved-social-resolution-single synved-social-provider-linkedin nolightbox\" data-provider=\"linkedin\" target=\"_blank\" rel=\"nofollow\" title=\"Share on Linkedin\" href=\"https:\/\/www.linkedin.com\/shareArticle?mini=true&#038;url=https%3A%2F%2Fwww.arcidiocesitrani.it%2Fformazionedeisacerdoti%2Fwp-json%2Fwp%2Fv2%2Fposts%2F643&#038;title=%E2%80%9CPARTIRONO%20SENZA%20INDUGIO%20E%20FECERO%20RITORNO%20A%20GERUSALEMME%E2%80%9D%20%28Lc%2024%2C33%29\" style=\"font-size: 0px;width:16px;height:16px;margin:0;margin-bottom:5px;margin-right:5px\"><img loading=\"lazy\" decoding=\"async\" alt=\"linkedin\" title=\"Share on Linkedin\" class=\"synved-share-image synved-social-image synved-social-image-share\" width=\"16\" height=\"16\" style=\"display: inline;width:16px;height:16px;margin: 0;padding: 0;border: none;box-shadow: none\" src=\"https:\/\/www.arcidiocesitrani.it\/formazionedeisacerdoti\/wp-content\/plugins\/social-media-feather\/synved-social\/image\/social\/regular\/32x32\/linkedin.png\" \/><\/a><a class=\"synved-social-button synved-social-button-share synved-social-size-16 synved-social-resolution-single synved-social-provider-mail nolightbox\" data-provider=\"mail\" rel=\"nofollow\" title=\"Share by email\" href=\"mailto:?subject=%E2%80%9CPARTIRONO%20SENZA%20INDUGIO%20E%20FECERO%20RITORNO%20A%20GERUSALEMME%E2%80%9D%20%28Lc%2024%2C33%29&#038;body=Hey%20check%20this%20out:%20https%3A%2F%2Fwww.arcidiocesitrani.it%2Fformazionedeisacerdoti%2Fwp-json%2Fwp%2Fv2%2Fposts%2F643\" style=\"font-size: 0px;width:16px;height:16px;margin:0;margin-bottom:5px\"><img loading=\"lazy\" decoding=\"async\" alt=\"mail\" title=\"Share by email\" class=\"synved-share-image synved-social-image synved-social-image-share\" width=\"16\" height=\"16\" style=\"display: inline;width:16px;height:16px;margin: 0;padding: 0;border: none;box-shadow: none\" src=\"https:\/\/www.arcidiocesitrani.it\/formazionedeisacerdoti\/wp-content\/plugins\/social-media-feather\/synved-social\/image\/social\/regular\/32x32\/mail.png\" \/><\/a><\/span><p>Ponti da costruire: con lo stile di Ges\u00f9 per incontrare il mondo.<\/p>\n<p>&lt;&lt;La prossimit\u00e0 \u00e8 un&#8217;esperienza personale, un &#8220;camminare accanto&#8221; che si concretizza nella relazione autentica. Ma non pu\u00f2 ridursi allo sforzo dei singoli: le comunit\u00e0 possono diventare spazi di prossimit\u00e0, dove ciascuno sperimenta accoglienza, ascolto, compagnia&gt;&gt;.<\/p>\n<p><em>(CEI, Linee guida per la fase sapienziale\u00a0 del cammino sinodale delle Chiese in Italia, p.14)<\/em><a href=\"https:\/\/www.arcidiocesitrani.it\/formazionedeisacerdoti\/wp-content\/uploads\/sites\/22\/2024\/03\/RitiroClero-Diocesano-15-Marzo-2024-M.-di-Gennaro.pdf\"><img loading=\"lazy\" decoding=\"async\" class=\"alignnone wp-image-690 size-medium\" src=\"https:\/\/www.arcidiocesitrani.it\/formazionedeisacerdoti\/wp-content\/uploads\/sites\/22\/2024\/04\/TRASPARENTE-300x104.png\" alt=\"\" width=\"300\" height=\"104\" srcset=\"https:\/\/www.arcidiocesitrani.it\/formazionedeisacerdoti\/wp-content\/uploads\/sites\/22\/2024\/04\/TRASPARENTE-300x104.png 300w, https:\/\/www.arcidiocesitrani.it\/formazionedeisacerdoti\/wp-content\/uploads\/sites\/22\/2024\/04\/TRASPARENTE-768x266.png 768w, https:\/\/www.arcidiocesitrani.it\/formazionedeisacerdoti\/wp-content\/uploads\/sites\/22\/2024\/04\/TRASPARENTE-600x208.png 600w, https:\/\/www.arcidiocesitrani.it\/formazionedeisacerdoti\/wp-content\/uploads\/sites\/22\/2024\/04\/TRASPARENTE-800x277.png 800w, https:\/\/www.arcidiocesitrani.it\/formazionedeisacerdoti\/wp-content\/uploads\/sites\/22\/2024\/04\/TRASPARENTE.png 848w\" sizes=\"(max-width: 300px) 100vw, 300px\" \/><\/a><a href=\"https:\/\/www.arcidiocesitrani.it\/formazionedeisacerdoti\/wp-content\/uploads\/sites\/22\/2024\/03\/RitiroClero-Diocesano-15-Marzo-2024-M.-di-Gennaro.pdf\"> Scarica la relazione\u00a0<\/a><\/p>\n<p>&nbsp;<\/p>\n<p>&nbsp;<\/p>\n<p>&nbsp;<\/p>\n<p>&nbsp;<\/p>\n<h5><a href=\"https:\/\/soundcloud.com\/user-909005250\/dott-ssa-michela-di-gennaro-1?si=2738492b66474014ad1b83acb05fbd79&amp;utm_source=clipboard&amp;utm_medium=text&amp;utm_campaign=social_sharing\"><img loading=\"lazy\" decoding=\"async\" class=\"alignnone wp-image-649\" src=\"https:\/\/www.arcidiocesitrani.it\/formazionedeisacerdoti\/wp-content\/uploads\/sites\/22\/2024\/03\/podcast-300x300.png\" alt=\"\" width=\"200\" height=\"200\" srcset=\"https:\/\/www.arcidiocesitrani.it\/formazionedeisacerdoti\/wp-content\/uploads\/sites\/22\/2024\/03\/podcast-300x300.png 300w, https:\/\/www.arcidiocesitrani.it\/formazionedeisacerdoti\/wp-content\/uploads\/sites\/22\/2024\/03\/podcast-1024x1024.png 1024w, https:\/\/www.arcidiocesitrani.it\/formazionedeisacerdoti\/wp-content\/uploads\/sites\/22\/2024\/03\/podcast-150x150.png 150w, https:\/\/www.arcidiocesitrani.it\/formazionedeisacerdoti\/wp-content\/uploads\/sites\/22\/2024\/03\/podcast-768x768.png 768w, https:\/\/www.arcidiocesitrani.it\/formazionedeisacerdoti\/wp-content\/uploads\/sites\/22\/2024\/03\/podcast-1536x1536.png 1536w, https:\/\/www.arcidiocesitrani.it\/formazionedeisacerdoti\/wp-content\/uploads\/sites\/22\/2024\/03\/podcast.png 2048w, https:\/\/www.arcidiocesitrani.it\/formazionedeisacerdoti\/wp-content\/uploads\/sites\/22\/2024\/03\/podcast-600x600.png 600w, https:\/\/www.arcidiocesitrani.it\/formazionedeisacerdoti\/wp-content\/uploads\/sites\/22\/2024\/03\/podcast-1200x1200.png 1200w, https:\/\/www.arcidiocesitrani.it\/formazionedeisacerdoti\/wp-content\/uploads\/sites\/22\/2024\/03\/podcast-800x800.png 800w\" sizes=\"(max-width: 200px) 100vw, 200px\" \/><\/a><a href=\"http:\/\/Dott.ssa Michela Di Gennaro, Prima Meditazione\"> Ascolta il podcast &#8211; Dott.ssa Michela Di Gennaro, Prima Meditazione<\/a><\/h5>\n<h5><a href=\"https:\/\/soundcloud.com\/user-909005250\/dott-ssa-michela-di-gennaro?si=b76497c8e6af4f8688a9e82ff8bbfe84&amp;utm_source=clipboard&amp;utm_medium=text&amp;utm_campaign=social_sharing\"><img loading=\"lazy\" decoding=\"async\" class=\"alignnone wp-image-649\" src=\"https:\/\/www.arcidiocesitrani.it\/formazionedeisacerdoti\/wp-content\/uploads\/sites\/22\/2024\/03\/podcast-300x300.png\" alt=\"\" width=\"200\" height=\"200\" srcset=\"https:\/\/www.arcidiocesitrani.it\/formazionedeisacerdoti\/wp-content\/uploads\/sites\/22\/2024\/03\/podcast-300x300.png 300w, https:\/\/www.arcidiocesitrani.it\/formazionedeisacerdoti\/wp-content\/uploads\/sites\/22\/2024\/03\/podcast-1024x1024.png 1024w, https:\/\/www.arcidiocesitrani.it\/formazionedeisacerdoti\/wp-content\/uploads\/sites\/22\/2024\/03\/podcast-150x150.png 150w, https:\/\/www.arcidiocesitrani.it\/formazionedeisacerdoti\/wp-content\/uploads\/sites\/22\/2024\/03\/podcast-768x768.png 768w, https:\/\/www.arcidiocesitrani.it\/formazionedeisacerdoti\/wp-content\/uploads\/sites\/22\/2024\/03\/podcast-1536x1536.png 1536w, https:\/\/www.arcidiocesitrani.it\/formazionedeisacerdoti\/wp-content\/uploads\/sites\/22\/2024\/03\/podcast.png 2048w, https:\/\/www.arcidiocesitrani.it\/formazionedeisacerdoti\/wp-content\/uploads\/sites\/22\/2024\/03\/podcast-600x600.png 600w, https:\/\/www.arcidiocesitrani.it\/formazionedeisacerdoti\/wp-content\/uploads\/sites\/22\/2024\/03\/podcast-1200x1200.png 1200w, https:\/\/www.arcidiocesitrani.it\/formazionedeisacerdoti\/wp-content\/uploads\/sites\/22\/2024\/03\/podcast-800x800.png 800w\" sizes=\"(max-width: 200px) 100vw, 200px\" \/> Ascolta il podcast &#8211; Dott.ssa Michela Di Gennaro, Seconda Meditazione<\/a><\/h5>\n<hr class=\"wpba_attachment_hr\"><div id='wpba_attachment_list' class='wpba wpba-wrap'>\n<ul class='wpba-attachment-list unstyled'><li id='wpba_attachment_list_725' class='wpba-list-item pull-left'><img src='https:\/\/www.arcidiocesitrani.it\/formazionedeisacerdoti\/wp-content\/themes\/wp-starter-so\/icons\/document.png' width='16' height='20' class='wpba-icon pull-left'><a href='https:\/\/www.arcidiocesitrani.it\/formazionedeisacerdoti\/wp-content\/uploads\/sites\/22\/2024\/03\/RitiroClero-Diocesano-15-Marzo-2024-M.-di-Gennaro.pdf' title='RitiroClero Diocesano 15 Marzo 2024 M. di Gennaro' class='wpba-link pull-left' target=\"_blank\">RitiroClero Diocesano 15 Marzo 2024 M. di Gennaro<\/a><\/li>\n<\/ul><\/div>\n","protected":false},"excerpt":{"rendered":"<p>Ponti da costruire: con lo stile di Ges\u00f9 per incontrare il mondo. &lt;&lt;La prossimit\u00e0 \u00e8 un&#8217;esperienza personale, un &#8220;camminare accanto&#8221; che si concretizza nella relazione autentica. Ma non pu\u00f2 ridursi allo sforzo dei singoli: le comunit\u00e0 possono diventare spazi di prossimit\u00e0, dove ciascuno sperimenta accoglienza, ascolto, compagnia&gt;&gt;. (CEI, Linee guida per la fase sapienziale\u00a0 del cammino sinodale delle Chiese in Italia, p.14) Scarica la relazione\u00a0 &hellip; <a href=\"https:\/\/www.arcidiocesitrani.it\/formazionedeisacerdoti\/partirono-senza-indugio-e-fecero-ritorno-a-gerusalemme-lc-2433\/\" class=\"more-link\">Continua a leggere <span class=\"screen-reader-text\"><\/span> <span class=\"meta-nav\">&raquo;<\/span><\/a><\/p>\n","protected":false},"author":9,"featured_media":644,"comment_status":"closed","ping_status":"closed","sticky":false,"template":"","format":"standard","meta":{"_acf_changed":false,"ip_address":"","user_agent":"","level":"","revision":"","cookie_id":"","page_referer":"","html_form":"","footnotes":""},"categories":[3],"tags":[],"acf":[],"_links":{"self":[{"href":"https:\/\/www.arcidiocesitrani.it\/formazionedeisacerdoti\/wp-json\/wp\/v2\/posts\/643"}],"collection":[{"href":"https:\/\/www.arcidiocesitrani.it\/formazionedeisacerdoti\/wp-json\/wp\/v2\/posts"}],"about":[{"href":"https:\/\/www.arcidiocesitrani.it\/formazionedeisacerdoti\/wp-json\/wp\/v2\/types\/post"}],"author":[{"embeddable":true,"href":"https:\/\/www.arcidiocesitrani.it\/formazionedeisacerdoti\/wp-json\/wp\/v2\/users\/9"}],"replies":[{"embeddable":true,"href":"https:\/\/www.arcidiocesitrani.it\/formazionedeisacerdoti\/wp-json\/wp\/v2\/comments?post=643"}],"version-history":[{"count":8,"href":"https:\/\/www.arcidiocesitrani.it\/formazionedeisacerdoti\/wp-json\/wp\/v2\/posts\/643\/revisions"}],"predecessor-version":[{"id":727,"href":"https:\/\/www.arcidiocesitrani.it\/formazionedeisacerdoti\/wp-json\/wp\/v2\/posts\/643\/revisions\/727"}],"wp:featuredmedia":[{"embeddable":true,"href":"https:\/\/www.arcidiocesitrani.it\/formazionedeisacerdoti\/wp-json\/wp\/v2\/media\/644"}],"wp:attachment":[{"href":"https:\/\/www.arcidiocesitrani.it\/formazionedeisacerdoti\/wp-json\/wp\/v2\/media?parent=643"}],"wp:term":[{"taxonomy":"category","embeddable":true,"href":"https:\/\/www.arcidiocesitrani.it\/formazionedeisacerdoti\/wp-json\/wp\/v2\/categories?post=643"},{"taxonomy":"post_tag","embeddable":true,"href":"https:\/\/www.arcidiocesitrani.it\/formazionedeisacerdoti\/wp-json\/wp\/v2\/tags?post=643"}],"curies":[{"name":"wp","href":"https:\/\/api.w.org\/{rel}","templated":true}]}}