{"id":1739,"date":"2025-12-03T16:28:39","date_gmt":"2025-12-03T15:28:39","guid":{"rendered":"https:\/\/www.arcidiocesitrani.it\/incomunione\/sui-passi-di-don-pasquale-la-storia-prende-vita-al-museo-don-uva\/"},"modified":"2025-12-03T16:29:24","modified_gmt":"2025-12-03T15:29:24","slug":"sui-passi-di-don-pasquale-la-storia-prende-vita-al-museo-don-uva","status":"publish","type":"post","link":"https:\/\/www.arcidiocesitrani.it\/incomunione\/sui-passi-di-don-pasquale-la-storia-prende-vita-al-museo-don-uva\/","title":{"rendered":"Sui passi di Don Pasquale: la storia prende vita al Museo Don Uva"},"content":{"rendered":"<p data-start=\"71\" data-end=\"693\">Nelle giornate del 20 e 21 dicembre 2025 il Museo Don Uva aprir\u00e0 nuovamente le sue porte per una speciale visita narrante dedicata alla figura del Venerabile Don Pasquale Uva, iniziativa promossa dall\u2019Opera Don Uva \u2013 Universo Salute insieme alla Congregazione delle Ancelle della Divina Provvidenza e al progetto Teatro del Viaggio. L\u2019appuntamento si propone di accompagnare i partecipanti in un percorso immersivo attraverso i luoghi, gli oggetti e le testimonianze che raccontano la vita e la missione del fondatore dell\u2019Opera, un sacerdote che ha lasciato un segno profondo nella storia ecclesiale e sociale del territorio.<\/p>\n<p data-start=\"695\" data-end=\"1194\">Le immagini della locandina anticipano alcuni degli ambienti che faranno parte dell\u2019itinerario, tra cui la storica scalinata, gli abiti liturgici custoditi nelle teche del museo e gli oggetti appartenuti al Venerabile. La visita, curata da Gianluigi Belsito, sar\u00e0 proposta in forma narrativa, offrendo un\u2019esperienza che unisce memoria, spiritualit\u00e0 e scoperta culturale, per permettere ai visitatori di avvicinarsi in modo pi\u00f9 diretto alla figura di Don Uva e al suo carisma di carit\u00e0 e accoglienza.<\/p>\n<p data-start=\"1196\" data-end=\"1698\">Il programma delle visite prevede due turni il pomeriggio di sabato 20 dicembre, dalle 18.00 alle 18.30 e dalle 18.30 alle 19.00. Domenica 21 dicembre saranno invece disponibili turni mattutini, dalle 10.30 alle 11.00 e dalle 11.00 alle 11.30, oltre ai turni pomeridiani negli stessi orari del giorno precedente. L\u2019accesso \u00e8 gratuito fino a esaurimento posti, su prenotazione all\u2019indirizzo email indicato nella locandina, con possibilit\u00e0 di iscrizione per un massimo di due persone per ciascuna email.<\/p>\n<p data-start=\"1700\" data-end=\"1941\">L\u2019iniziativa, sostenuta da numerose realt\u00e0 associative del territorio, rappresenta un\u2019occasione preziosa per riscoprire l\u2019eredit\u00e0 spirituale e umana del Venerabile Don Uva, mantenendo viva la memoria di una missione che continua ancora oggi.<\/p>\n","protected":false},"excerpt":{"rendered":"<p>Nelle giornate del 20 e 21 dicembre 2025 il Museo Don Uva aprir\u00e0 nuovamente le sue porte per una speciale visita narrante dedicata alla figura del Venerabile Don Pasquale Uva, iniziativa promossa dall\u2019Opera Don Uva \u2013 Universo Salute insieme alla Congregazione delle Ancelle della Divina Provvidenza e al progetto Teatro del Viaggio. L\u2019appuntamento si propone di accompagnare i partecipanti in un percorso immersivo attraverso i &hellip; <a href=\"https:\/\/www.arcidiocesitrani.it\/incomunione\/sui-passi-di-don-pasquale-la-storia-prende-vita-al-museo-don-uva\/\" class=\"more-link\">Continua a leggere <span class=\"screen-reader-text\"><\/span> <span class=\"meta-nav\">&raquo;<\/span><\/a><\/p>\n","protected":false},"author":9,"featured_media":1741,"comment_status":"closed","ping_status":"closed","sticky":false,"template":"","format":"standard","meta":{"_acf_changed":false,"ip_address":"","user_agent":"","level":"","revision":"","cookie_id":"","page_referer":"","html_form":"","footnotes":""},"categories":[17,9],"tags":[],"acf":[],"_links":{"self":[{"href":"https:\/\/www.arcidiocesitrani.it\/incomunione\/wp-json\/wp\/v2\/posts\/1739"}],"collection":[{"href":"https:\/\/www.arcidiocesitrani.it\/incomunione\/wp-json\/wp\/v2\/posts"}],"about":[{"href":"https:\/\/www.arcidiocesitrani.it\/incomunione\/wp-json\/wp\/v2\/types\/post"}],"author":[{"embeddable":true,"href":"https:\/\/www.arcidiocesitrani.it\/incomunione\/wp-json\/wp\/v2\/users\/9"}],"replies":[{"embeddable":true,"href":"https:\/\/www.arcidiocesitrani.it\/incomunione\/wp-json\/wp\/v2\/comments?post=1739"}],"version-history":[{"count":1,"href":"https:\/\/www.arcidiocesitrani.it\/incomunione\/wp-json\/wp\/v2\/posts\/1739\/revisions"}],"predecessor-version":[{"id":1740,"href":"https:\/\/www.arcidiocesitrani.it\/incomunione\/wp-json\/wp\/v2\/posts\/1739\/revisions\/1740"}],"wp:featuredmedia":[{"embeddable":true,"href":"https:\/\/www.arcidiocesitrani.it\/incomunione\/wp-json\/wp\/v2\/media\/1741"}],"wp:attachment":[{"href":"https:\/\/www.arcidiocesitrani.it\/incomunione\/wp-json\/wp\/v2\/media?parent=1739"}],"wp:term":[{"taxonomy":"category","embeddable":true,"href":"https:\/\/www.arcidiocesitrani.it\/incomunione\/wp-json\/wp\/v2\/categories?post=1739"},{"taxonomy":"post_tag","embeddable":true,"href":"https:\/\/www.arcidiocesitrani.it\/incomunione\/wp-json\/wp\/v2\/tags?post=1739"}],"curies":[{"name":"wp","href":"https:\/\/api.w.org\/{rel}","templated":true}]}}