{"id":1743,"date":"2025-12-05T12:49:50","date_gmt":"2025-12-05T11:49:50","guid":{"rendered":"https:\/\/www.arcidiocesitrani.it\/incomunione\/?p=1743"},"modified":"2025-12-05T12:49:50","modified_gmt":"2025-12-05T11:49:50","slug":"settimanali-diocesani-e-giornalismo-di-comunita-fisc","status":"publish","type":"post","link":"https:\/\/www.arcidiocesitrani.it\/incomunione\/settimanali-diocesani-e-giornalismo-di-comunita-fisc\/","title":{"rendered":"SETTIMANALI DIOCESANI E GIORNALISMO DI COMUNITA\u2019 \/ FISC"},"content":{"rendered":"<p><strong>I settimanali diocesani incarnano il giornalismo di comunit\u00e0 che &#8220;consuma le suole&#8221;: informazione autentica, vicina alla gente, antidoto alla disinformazione.<\/strong><\/p>\n<p><strong>\u00a0<\/strong><strong>Consumare le suole delle scarpe: Il giornalismo che fa vivere i settimanali diocesani<\/strong><\/p>\n<p><strong>I settimanali diocesani<\/strong>\u00a0e il\u00a0<strong>giornalismo di comunit\u00e0<\/strong>\u00a0rappresentano oggi l&#8217;incarnazione pi\u00f9 autentica del messaggio di Papa Francesco: un&#8217;informazione che sappia ancora &#8220;andare e vedere&#8221;, lontana dai modelli preconfezionati e vicina alla gente. Una missione che i giornali di comunit\u00e0 continuano a incarnare ogni giorno, consumando le suole delle scarpe per raccontare la vita reale delle persone e delle comunit\u00e0.<\/p>\n<p><strong>Il rischio dell&#8217;informazione fotocopia: l\u2019allarme di Papa Francesco<\/strong><\/p>\n<p>\u00abVoci attente lamentano da tempo il rischio di un appiattimento in giornali fotocopia o in notiziari tv e radio e siti web sostanzialmente uguali, dove il genere dell&#8217;inchiesta e del reportage perdono spazio e qualit\u00e0 a vantaggio di una informazione preconfezionata, di palazzo, autoreferenziale, che sempre meno riesce a intercettare la verit\u00e0 delle cose e la vita concreta delle persone, e non sa pi\u00f9 cogliere n\u00e9 i fenomeni sociali pi\u00f9 gravi n\u00e9 le energie positive che si sprigionano dalla base della societ\u00e0. La crisi dell&#8217;editoria rischia di portare a un&#8217;informazione costruita nelle redazioni, davanti al computer, ai terminali delle agenzie, sulle reti sociali, senza mai uscire per strada, senza pi\u00f9 consumare le suole delle scarpe\u00bb.<\/p>\n<p>Lo affermava Papa Francesco nel messaggio per la 55\u00aa Giornata mondiale delle comunicazioni sociali. Era il 2021.<\/p>\n<p><strong>Una crisi che continua: Social Media e perdita di attenzione<\/strong><\/p>\n<p>I rischi paventati dal Santo Padre per il mondo dell&#8217;informazione e di riflesso per i cittadini sono immutati, a distanza di cinque anni. Quel che si registra, anzi, \u00e8 una continua crescita dei social, capaci di plasmare il linguaggio dei loro fruitori e di abbassare &#8211; conseguenza terribile &#8211; il loro livello di attenzione, soprattutto fra i pi\u00f9 giovani.<\/p>\n<p><strong>Giornalismo di comunit\u00e0: tornare a consumare le suole delle scarpe<\/strong><\/p>\n<p>L&#8217;informazione fotocopia, non verificata, \u00e8 gi\u00e0 uno dei grandi mali delle nostre democrazie, ai quali rispondere con un rinnovato slancio giornalistico, ritrovando lo spirito originario, richiamandoci a Francesco, tornando a consumare le suole delle scarpe.<\/p>\n<p><strong>Andare, vedere, raccontare con il Cuore<\/strong><\/p>\n<p>Andare e vedere per raccontare, questo l&#8217;invito che a pi\u00f9 riprese il Pontefice aveva fatto. E raccontare con il cuore, mettendosi nei panni dell&#8217;altro, senza giudicare, con un linguaggio disarmato che punti a gettare ponti anzich\u00e9 innalzare muri.<\/p>\n<p><strong>I settimanali diocesani della FISC: un presidio di democrazia nei territori<\/strong><\/p>\n<p>Quando ogni giorno i nostri giornali locali della\u00a0<strong>Fisc<\/strong>\u00a0(Federazione Italiana Settimanali Cattolici) raccontano le storie degli ultimi, degli indifesi, fanno esattamente questo: vanno, vedono, raccontano con il cuore.<\/p>\n<p>Quando ogni giorno i nostri\u00a0<strong>settimanali diocesani<\/strong>\u00a0della Fisc arrivano nei paesi delle valli, nei minuscoli borghi dell&#8217;entroterra o nelle periferie della citt\u00e0, si richiamano all&#8217;insegnamento della Chiesa che chiede di guardare agli ultimi.<\/p>\n<p><strong>Un servizio quotidiano alla democrazia<\/strong><\/p>\n<p>Quando ogni giorno i nostri giornali locali della Fisc mettono al centro le comunit\u00e0, le loro storie, i loro problemi, fanno un servizio alla democrazia.<\/p>\n<p><strong>Le voci delle comunit\u00e0: dai borghi alle periferie urbane<\/strong><\/p>\n<p>Dai paesini siciliani con l&#8217;acqua razionata alle crisi aziendali nelle citt\u00e0 industriali del Nord, la voce dei nostri giornali \u00e8 la voce che tiene unite le comunit\u00e0 e fa emergere i piccoli e grandi problemi degli ultimi, di chi \u00e8 troppo piccolo per pretendere di essere ascoltato dai grandi mezzi di informazione.<\/p>\n<p><strong>Le domande che nessuno si pone<\/strong><\/p>\n<p>Se non ci fossero i giornali locali cosa ne sarebbe delle migliaia di piccole\/grandi storie di quotidiana ingiustizia di cui \u00e8 costellato il nostro Paese? Chi ascolterebbe le minuscole comunit\u00e0 prive di servizi e alle prese con il dramma della denatalit\u00e0? E chi darebbe voce alle tante belle storie di solidariet\u00e0, amicizia, coraggio che partono dal basso?<\/p>\n<p><strong>Settimanali diocesani: un antidoto alla disinformazione<\/strong><\/p>\n<p>E ancora, chi si prenderebbe la briga di verificarle tutte queste &#8220;notizie minori&#8221;, che rischiano di invadere il web e i social senza un minimo filtro sulla loro veridicit\u00e0?<\/p>\n<p><strong>Il valore del giornalismo di comunit\u00e0 per il Paese<\/strong><\/p>\n<p>I giornali locali, giornali di comunit\u00e0, rappresentano una risorsa per il nostro sistema Paese, sono uno degli elementi su cui si basa la nostra democrazia e in un mondo sempre pi\u00f9 sottoposto a influenze esterne e a messaggi devianti sono un antidoto alla disinformazione.<\/p>\n<p>Rappresentano uno strumento delicato, fragile, ma imprescindibile, per evitare di ritrovarci tra qualche anno a dover amaramente renderci conto che l&#8217;informazione che ci passa sotto il naso \u00e8 tutta uguale. Fotocopia.<\/p>\n<p>Lorenzo Rinaldi<\/p>\n","protected":false},"excerpt":{"rendered":"<p>I settimanali diocesani incarnano il giornalismo di comunit\u00e0 che &#8220;consuma le suole&#8221;: informazione autentica, vicina alla gente, antidoto alla disinformazione. \u00a0Consumare le suole delle scarpe: Il giornalismo che fa vivere i settimanali diocesani I settimanali diocesani\u00a0e il\u00a0giornalismo di comunit\u00e0\u00a0rappresentano oggi l&#8217;incarnazione pi\u00f9 autentica del messaggio di Papa Francesco: un&#8217;informazione che sappia ancora &#8220;andare e vedere&#8221;, lontana dai modelli preconfezionati e vicina alla gente. Una missione &hellip; <a href=\"https:\/\/www.arcidiocesitrani.it\/incomunione\/settimanali-diocesani-e-giornalismo-di-comunita-fisc\/\" class=\"more-link\">Continua a leggere <span class=\"screen-reader-text\"><\/span> <span class=\"meta-nav\">&raquo;<\/span><\/a><\/p>\n","protected":false},"author":9,"featured_media":1744,"comment_status":"closed","ping_status":"closed","sticky":false,"template":"","format":"standard","meta":{"_acf_changed":false,"ip_address":"","user_agent":"","level":"","revision":"","cookie_id":"","page_referer":"","html_form":"","footnotes":""},"categories":[9,14],"tags":[],"acf":[],"_links":{"self":[{"href":"https:\/\/www.arcidiocesitrani.it\/incomunione\/wp-json\/wp\/v2\/posts\/1743"}],"collection":[{"href":"https:\/\/www.arcidiocesitrani.it\/incomunione\/wp-json\/wp\/v2\/posts"}],"about":[{"href":"https:\/\/www.arcidiocesitrani.it\/incomunione\/wp-json\/wp\/v2\/types\/post"}],"author":[{"embeddable":true,"href":"https:\/\/www.arcidiocesitrani.it\/incomunione\/wp-json\/wp\/v2\/users\/9"}],"replies":[{"embeddable":true,"href":"https:\/\/www.arcidiocesitrani.it\/incomunione\/wp-json\/wp\/v2\/comments?post=1743"}],"version-history":[{"count":1,"href":"https:\/\/www.arcidiocesitrani.it\/incomunione\/wp-json\/wp\/v2\/posts\/1743\/revisions"}],"predecessor-version":[{"id":1745,"href":"https:\/\/www.arcidiocesitrani.it\/incomunione\/wp-json\/wp\/v2\/posts\/1743\/revisions\/1745"}],"wp:featuredmedia":[{"embeddable":true,"href":"https:\/\/www.arcidiocesitrani.it\/incomunione\/wp-json\/wp\/v2\/media\/1744"}],"wp:attachment":[{"href":"https:\/\/www.arcidiocesitrani.it\/incomunione\/wp-json\/wp\/v2\/media?parent=1743"}],"wp:term":[{"taxonomy":"category","embeddable":true,"href":"https:\/\/www.arcidiocesitrani.it\/incomunione\/wp-json\/wp\/v2\/categories?post=1743"},{"taxonomy":"post_tag","embeddable":true,"href":"https:\/\/www.arcidiocesitrani.it\/incomunione\/wp-json\/wp\/v2\/tags?post=1743"}],"curies":[{"name":"wp","href":"https:\/\/api.w.org\/{rel}","templated":true}]}}