{"id":3278,"date":"2026-04-27T12:10:13","date_gmt":"2026-04-27T10:10:13","guid":{"rendered":"https:\/\/www.arcidiocesitrani.it\/incomunione\/san-ruggero-le-radici-del-bene-a-barletta-un-reading-teatrale-per-il-750-anniversario\/"},"modified":"2026-04-29T08:58:49","modified_gmt":"2026-04-29T06:58:49","slug":"san-ruggero-le-radici-del-bene-a-barletta-un-reading-teatrale-per-il-750-anniversario","status":"publish","type":"post","link":"https:\/\/www.arcidiocesitrani.it\/incomunione\/san-ruggero-le-radici-del-bene-a-barletta-un-reading-teatrale-per-il-750-anniversario\/","title":{"rendered":"SAN RUGGERO, LE RADICI DEL BENE. A BARLETTA UN READING TEATRALE PER IL 750\u00b0 ANNIVERSARIO"},"content":{"rendered":"<p><strong>\u00a0\u00a0\u00a0\u00a0\u00a0\u00a0\u00a0 <\/strong>In occasione del 750\u00b0 anniversario della traslazione delle spoglie mortali di San Ruggero da Canne a Barletta, la comunit\u00e0 ecclesiale si prepara a vivere un momento di intensa partecipazione culturale e spirituale con il reading teatrale \u201cSan Ruggero, le radici del bene\u201d.<\/p>\n<p>L\u2019iniziativa si inserisce nel calendario delle celebrazioni giubilari che accompagnano questo importante anniversario, offrendo un\u2019occasione per riscoprire la figura del Santo patrono e il suo messaggio ancora attuale.<\/p>\n<p>L\u2019evento si terr\u00e0 marted\u00ec 28 aprile 2026, alle ore 20:30, nella suggestiva cornice della Concattedrale di Santa Maria Maggiore in Barletta. Promosso dall\u2019Arcidiocesi di Trani-Barletta-Bisceglie, dal Capitolo Cattedrale e dal Comitato Feste Patronali \u201cBarletta Civitas Mariae\u201d, con il coordinamento del Comitato per il Culto dei Santi Patroni e il patrocinio della Citt\u00e0 di Barletta, il reading si presenta come un appuntamento di grande rilievo nel panorama delle iniziative commemorative.<\/p>\n<p>Protagonista della serata sar\u00e0 Mariella Parlato, che curer\u00e0 e interpreter\u00e0 il reading, accompagnata dalla partecipazione di Rosa Tarantino, Savino Somma e Angela Lemma. Le coreografie, affidate ad Angela Dimiccoli, contribuiranno a rendere ancora pi\u00f9 coinvolgente la narrazione scenica, intrecciando parola, gesto e movimento in un racconto capace di toccare corde profonde.<\/p>\n<p>Ingresso gratuito.<\/p>\n<p>Testo inedito, scritto in occasione delle celebrazioni del 750\u00ba anniversario della Traslazione delle Sacre Spoglie del Santo Vescovo Ruggero da Canne a Barletta. Una ricerca attenta e appassionata su quella che pu\u00f2 essere stata la vita del Santo, di cui non si sa molto, \u00a0ma soprattutto il desiderio di porre l\u2019accento sulle certezze che hanno caratterizzato il Suo operato. \u00a0Lo spettacolo, in forma di reading teatrale, ha un approccio sincero e contemporaneo, teso a condividere la ricerca \u00a0del Bene, della Carit\u00e0, che sono stati i tratti distintivi \u00a0del \u201cservizio\u201d concepito dal nostro Santo Patrono, Vescovo di Canne.<\/p>\n<p>Un percorso immaginato per stimolare momenti di riflessione su che cosa possa voler dire oggi affidarsi al Santo Patrono, tempi in cui la Parola in senso alto e le parole in senso letterale, pare stiano perdendo di significato e forza; tempi in cui la \u201ccondivisione\u201d e la \u201csolidariet\u00e0\u201d sembrano concetti desueti, astratti; tempi in cui la Pace sembra essere un miraggio. \u00a0Un percorso con questa direzione: continuare a cercare le Radici del Bene sull\u2019esempio di San Ruggero.<\/p>\n<p>&nbsp;<\/p>\n<p>&nbsp;<\/p>\n","protected":false},"excerpt":{"rendered":"<p>\u00a0\u00a0\u00a0\u00a0\u00a0\u00a0\u00a0 In occasione del 750\u00b0 anniversario della traslazione delle spoglie mortali di San Ruggero da Canne a Barletta, la comunit\u00e0 ecclesiale si prepara a vivere un momento di intensa partecipazione culturale e spirituale con il reading teatrale \u201cSan Ruggero, le radici del bene\u201d. L\u2019iniziativa si inserisce nel calendario delle celebrazioni giubilari che accompagnano questo importante anniversario, offrendo un\u2019occasione per riscoprire la figura del Santo patrono &hellip; <a href=\"https:\/\/www.arcidiocesitrani.it\/incomunione\/san-ruggero-le-radici-del-bene-a-barletta-un-reading-teatrale-per-il-750-anniversario\/\" class=\"more-link\">Continua a leggere <span class=\"screen-reader-text\"><\/span> <span class=\"meta-nav\">&raquo;<\/span><\/a><\/p>\n","protected":false},"author":10,"featured_media":3279,"comment_status":"closed","ping_status":"closed","sticky":false,"template":"","format":"standard","meta":{"_acf_changed":false,"ip_address":"","user_agent":"","level":"","revision":"","cookie_id":"","page_referer":"","html_form":"","footnotes":""},"categories":[17,18,4],"tags":[],"acf":[],"_links":{"self":[{"href":"https:\/\/www.arcidiocesitrani.it\/incomunione\/wp-json\/wp\/v2\/posts\/3278"}],"collection":[{"href":"https:\/\/www.arcidiocesitrani.it\/incomunione\/wp-json\/wp\/v2\/posts"}],"about":[{"href":"https:\/\/www.arcidiocesitrani.it\/incomunione\/wp-json\/wp\/v2\/types\/post"}],"author":[{"embeddable":true,"href":"https:\/\/www.arcidiocesitrani.it\/incomunione\/wp-json\/wp\/v2\/users\/10"}],"replies":[{"embeddable":true,"href":"https:\/\/www.arcidiocesitrani.it\/incomunione\/wp-json\/wp\/v2\/comments?post=3278"}],"version-history":[{"count":0,"href":"https:\/\/www.arcidiocesitrani.it\/incomunione\/wp-json\/wp\/v2\/posts\/3278\/revisions"}],"wp:featuredmedia":[{"embeddable":true,"href":"https:\/\/www.arcidiocesitrani.it\/incomunione\/wp-json\/wp\/v2\/media\/3279"}],"wp:attachment":[{"href":"https:\/\/www.arcidiocesitrani.it\/incomunione\/wp-json\/wp\/v2\/media?parent=3278"}],"wp:term":[{"taxonomy":"category","embeddable":true,"href":"https:\/\/www.arcidiocesitrani.it\/incomunione\/wp-json\/wp\/v2\/categories?post=3278"},{"taxonomy":"post_tag","embeddable":true,"href":"https:\/\/www.arcidiocesitrani.it\/incomunione\/wp-json\/wp\/v2\/tags?post=3278"}],"curies":[{"name":"wp","href":"https:\/\/api.w.org\/{rel}","templated":true}]}}