{"id":1162,"date":"2024-11-26T12:33:36","date_gmt":"2024-11-26T11:33:36","guid":{"rendered":"https:\/\/www.arcidiocesitrani.it\/irc\/?p=1162"},"modified":"2024-11-26T12:35:19","modified_gmt":"2024-11-26T11:35:19","slug":"il-vescovo-incontra-la-scuola-visita-al-liceo-f-de-sanctis-di-trani","status":"publish","type":"post","link":"https:\/\/www.arcidiocesitrani.it\/irc\/il-vescovo-incontra-la-scuola-visita-al-liceo-f-de-sanctis-di-trani\/","title":{"rendered":"IL VESCOVO INCONTRA LA SCUOLA: VISITA AL LICEO F. DE SANCTIS DI TRANI"},"content":{"rendered":"<p>Questa mattina al Liceo F. De Sanctis c&#8217;\u00e8 stato un ospite d&#8217;eccezione, la visita dell&#8217;Arcivescovo della nostra diocesi, Mons. Leonardo D\u2019Ascenzo. Un incontro molto atteso, che la nostra scuola ha accolto con gioia entusiasmo e gratitudine. Il Vescovo \u00e8 stato accolto dal Dirigente scolastico Nicola Valente e dalle docenti di religione prof.ssa Leuzzi e prof.ssa di Tondo, che lo hanno accompagnato e guidato nella visita dell&#8217;istituto, sia nella sede centrale che la sede exLum. Sua Eccellenza, l&#8217;arcivescovo si \u00e8 messo in ascolto della comunit\u00e0 scolastica, dando a tutti gli studenti l&#8217;opportunit\u00e0 di condividere le loro riflessioni, spunti ed esperienze per un rapporto sempre pi\u00f9 autentico tra chiesa e societ\u00e0, chiesa e giovani. \u00c8 stato un dialogo aperto e sincero, occasione di confronto e ascolto reciproco che ha toccato temi delicati e importanti che stanno a cuore a chiunque e in particolare ai nostri ragazzi, sempre alla ricerca di punti di riferimento ed esempi da seguire e che due istituzione educative come la scuola e la chiesa non possono ignorare.<\/p>\n<p><a href=\"https:\/\/www.instagram.com\/p\/DCrbqrmCRah\/?img_index=9&amp;igsh=eDEwY3Jua3NmMXR1\"><img loading=\"lazy\" decoding=\"async\" class=\"alignnone size-full wp-image-1163\" src=\"https:\/\/www.arcidiocesitrani.it\/irc\/wp-content\/uploads\/sites\/4\/2024\/11\/Instagram-Logo-PNG-Picture.png\" alt=\"\" width=\"313\" height=\"263\" srcset=\"https:\/\/www.arcidiocesitrani.it\/irc\/wp-content\/uploads\/sites\/4\/2024\/11\/Instagram-Logo-PNG-Picture.png 313w, https:\/\/www.arcidiocesitrani.it\/irc\/wp-content\/uploads\/sites\/4\/2024\/11\/Instagram-Logo-PNG-Picture-300x252.png 300w\" sizes=\"(max-width: 313px) 100vw, 313px\" \/><\/a><\/p>\n","protected":false},"excerpt":{"rendered":"<p>Questa mattina al Liceo F. De Sanctis c&#8217;\u00e8 stato un ospite d&#8217;eccezione, la visita dell&#8217;Arcivescovo della nostra diocesi, Mons. Leonardo D\u2019Ascenzo. Un incontro molto atteso, che la nostra scuola ha accolto con gioia entusiasmo e gratitudine. Il Vescovo \u00e8 stato accolto dal Dirigente scolastico Nicola Valente e dalle docenti di religione prof.ssa Leuzzi e prof.ssa di Tondo, che lo hanno accompagnato e guidato nella visita &hellip; <a href=\"https:\/\/www.arcidiocesitrani.it\/irc\/il-vescovo-incontra-la-scuola-visita-al-liceo-f-de-sanctis-di-trani\/\" class=\"more-link\">Continua a leggere <span class=\"screen-reader-text\"><\/span> <span class=\"meta-nav\">&raquo;<\/span><\/a><\/p>\n","protected":false},"author":9,"featured_media":1165,"comment_status":"closed","ping_status":"closed","sticky":false,"template":"","format":"standard","meta":{"_acf_changed":false,"ip_address":"","user_agent":"","level":"","revision":"","cookie_id":"","page_referer":"","html_form":"","footnotes":""},"categories":[5,6],"tags":[],"acf":[],"_links":{"self":[{"href":"https:\/\/www.arcidiocesitrani.it\/irc\/wp-json\/wp\/v2\/posts\/1162"}],"collection":[{"href":"https:\/\/www.arcidiocesitrani.it\/irc\/wp-json\/wp\/v2\/posts"}],"about":[{"href":"https:\/\/www.arcidiocesitrani.it\/irc\/wp-json\/wp\/v2\/types\/post"}],"author":[{"embeddable":true,"href":"https:\/\/www.arcidiocesitrani.it\/irc\/wp-json\/wp\/v2\/users\/9"}],"replies":[{"embeddable":true,"href":"https:\/\/www.arcidiocesitrani.it\/irc\/wp-json\/wp\/v2\/comments?post=1162"}],"version-history":[{"count":3,"href":"https:\/\/www.arcidiocesitrani.it\/irc\/wp-json\/wp\/v2\/posts\/1162\/revisions"}],"predecessor-version":[{"id":1168,"href":"https:\/\/www.arcidiocesitrani.it\/irc\/wp-json\/wp\/v2\/posts\/1162\/revisions\/1168"}],"wp:featuredmedia":[{"embeddable":true,"href":"https:\/\/www.arcidiocesitrani.it\/irc\/wp-json\/wp\/v2\/media\/1165"}],"wp:attachment":[{"href":"https:\/\/www.arcidiocesitrani.it\/irc\/wp-json\/wp\/v2\/media?parent=1162"}],"wp:term":[{"taxonomy":"category","embeddable":true,"href":"https:\/\/www.arcidiocesitrani.it\/irc\/wp-json\/wp\/v2\/categories?post=1162"},{"taxonomy":"post_tag","embeddable":true,"href":"https:\/\/www.arcidiocesitrani.it\/irc\/wp-json\/wp\/v2\/tags?post=1162"}],"curies":[{"name":"wp","href":"https:\/\/api.w.org\/{rel}","templated":true}]}}