{"id":570,"date":"2023-01-10T09:52:56","date_gmt":"2023-01-10T08:52:56","guid":{"rendered":"https:\/\/www.arcidiocesitrani.it\/irc\/dalla-parte-della-formazione-integrale-messaggio-della-presidenza-della-conferenza-episcopale-italiana-in-vista-della-scelta-di-avvalersi-dellinsegnamento-della-religione-cattolica-nell\/"},"modified":"2023-01-10T09:52:56","modified_gmt":"2023-01-10T08:52:56","slug":"dalla-parte-della-formazione-integrale-messaggio-della-presidenza-della-conferenza-episcopale-italiana-in-vista-della-scelta-di-avvalersi-dellinsegnamento-della-religione-cattolica-nell","status":"publish","type":"post","link":"https:\/\/www.arcidiocesitrani.it\/irc\/dalla-parte-della-formazione-integrale-messaggio-della-presidenza-della-conferenza-episcopale-italiana-in-vista-della-scelta-di-avvalersi-dellinsegnamento-della-religione-cattolica-nell\/","title":{"rendered":"DALLA PARTE DELLA FORMAZIONE INTEGRALE"},"content":{"rendered":"<p><strong>DALLA PARTE DELLA FORMAZIONE INTEGRALE<\/strong><\/p>\n<p><strong>Messaggio della Presidenza della Conferenza Episcopale Italiana in vista della scelta di avvalersi dell\u2019Insegnamento della religione cattolica nell\u2019anno scolastico 2023\/24\u00a0 <\/strong><\/p>\n<p>&nbsp;<\/p>\n<p><img loading=\"lazy\" decoding=\"async\" class=\"alignnone wp-image-571 size-full\" src=\"https:\/\/www.arcidiocesitrani.it\/irc\/wp-content\/uploads\/sites\/4\/2023\/01\/2022.11.SC_.13.B.jpg\" alt=\"\" width=\"953\" height=\"581\" srcset=\"https:\/\/www.arcidiocesitrani.it\/irc\/wp-content\/uploads\/sites\/4\/2023\/01\/2022.11.SC_.13.B.jpg 953w, https:\/\/www.arcidiocesitrani.it\/irc\/wp-content\/uploads\/sites\/4\/2023\/01\/2022.11.SC_.13.B-300x183.jpg 300w, https:\/\/www.arcidiocesitrani.it\/irc\/wp-content\/uploads\/sites\/4\/2023\/01\/2022.11.SC_.13.B-768x468.jpg 768w, https:\/\/www.arcidiocesitrani.it\/irc\/wp-content\/uploads\/sites\/4\/2023\/01\/2022.11.SC_.13.B-600x366.jpg 600w, https:\/\/www.arcidiocesitrani.it\/irc\/wp-content\/uploads\/sites\/4\/2023\/01\/2022.11.SC_.13.B-800x488.jpg 800w\" sizes=\"(max-width: 953px) 100vw, 953px\" \/><\/p>\n<p>Cari studenti e cari genitori,\u00a0\u00a0 nei\u00a0 prossimi\u00a0 giorni,\u00a0 procedendo\u00a0 all\u2019iscrizione\u00a0 al\u00a0 primo\u00a0 anno\u00a0 dei\u00a0 diversi\u00a0 ordini\u00a0 e\u00a0 gradi\u00a0 di\u00a0 scuola,\u00a0 sarete chiamati a scegliere se avvalervi dell\u2019Insegnamento della religione cattolica (IRC).<\/p>\n<p>Si tratta\u00a0 di\u00a0 una\u00a0 scelta\u00a0 importante,\u00a0 che\u00a0 vi\u00a0 permette\u00a0 di\u00a0 partecipare\u00a0 alla\u00a0 costruzione\u00a0 del\u00a0 percorso\u00a0 educativo offerto dalla scuola. \u00c8 infatti uno spazio\u00a0\u00a0 di libert\u00e0 e di responsabilit\u00e0 quello che avete\u00a0 davanti, un modo per sentire ancora pi\u00f9 vostro il cammino di crescita umana e culturale che state\u00a0 compiendo o accompagnando.\u00a0 Questo \u00e8 vero in particolare per i giovanissimi che iniziano la scuola secondaria di secondo grado,\u00a0 ma\u00a0 vale\u00a0 anche\u00a0 per\u00a0 gli\u00a0 altri\u00a0 studenti\u00a0 e\u00a0 per\u00a0 i\u00a0 genitori,\u00a0 tutti\u00a0 protagonisti\u00a0 nel\u00a0 dare\u00a0 forma\u00a0 a\u00a0 quella\u00a0 \u201calleanza educativa\u201d che \u00e8 l\u2019IRC in Italia.<\/p>\n<p>Alla presenza e alla qualificazione di tale insegnamento,\u00a0 infatti, partecipano lo Stato, nei suoi organismi centrali e territoriali, la Chiesa, le singole scuole,\u00a0 con gli insegnanti e i dirigenti, le\u00a0 famiglie e gli alunni\u00a0 stessi, mediante\u00a0 scelte\u00a0 consapevoli da\u00a0 cui\u00a0 emerge\u00a0 il\u00a0 loro essere\u00a0 \u201ccittadini\u201d\u00a0 nella e\u00a0 della\u00a0 scuola.<\/p>\n<p>Anche\u00a0 per\u00a0 questa\u00a0 ragione\u00a0 l\u2019IRC\u00a0 costituisce\u00a0 un\u2019esperienza\u00a0 di\u00a0 grande\u00a0 rilievo\u00a0 nel\u00a0 panorama\u00a0 formativo,\u00a0 in\u00a0 quanto\u00a0 espressione\u00a0 di\u00a0 un\u00a0 \u201cpatto\u00a0 condiviso\u201d\u00a0 fra enti e persone diverse, un patto stretto per il bene dei\u00a0 ragazzi e dei giovani e, di\u00a0 conseguenza, della societ\u00e0 intera. Un patto che non li vede solo destinatari ma coinvolti in prima\u00a0 persona.<\/p>\n<p>Scegliere \u00e8 un verbo che esprime maturit\u00e0 e interesse. \u00c8 un verbo essenziale per progredire nel\u00a0 cammino della vita. Lo ha ricordato papa Francesco parlando agli studenti di una scuola, durante il\u00a0 suo viaggio apostolico\u00a0 nel\u00a0 Bahrein:\u00a0 \u201cNon esiste\u00a0 una vita\u00a0 senza sfide\u00a0 da affrontare. E\u00a0 sempre,\u00a0 di\u00a0 fronte\u00a0 a\u00a0 una\u00a0 sfida,\u00a0 come\u00a0 davanti\u00a0 a\u00a0 un\u00a0 bivio,\u00a0 bisogna\u00a0 scegliere,\u00a0 mettersi\u00a0 in\u00a0 gioco,\u00a0 rischiare,\u00a0 decidere. Ma questo richiede una buona strategia: non si pu\u00f2 improvvisare, vivendo solo di istinto\u00a0 o solo all\u2019istante!\u201d. Per imparare a scegliere \u2013 ha aggiunto il Papa \u2013 occorre \u201caffinare lo sguardo\u00a0 interiore, imparare a giudicare le situazioni, a cogliere l\u2019essenziale\u201d e \u201clavorare sul cuore\u201d, cos\u00ec da\u00a0 non\u00a0 restare indifferenti\u00a0 o mostrarsi insofferenti agli altri, ma\u00a0 reagendo\u00a0 \u201ccon\u00a0 un\u00a0 nuovo\u00a0 sogno\u00a0 di\u00a0 fraternit\u00e0 e di amicizia sociale che non si limiti alle parole\u201d.<\/p>\n<p>Siamo\u00a0 certi\u00a0 che\u00a0 avvalersi\u00a0 delle\u00a0 opportunit\u00e0\u00a0 offerte\u00a0 dall\u2019Insegnamento\u00a0 della\u00a0 religione\u00a0 cattolica\u00a0 a\u00a0 scuola aiuti a camminare nelle direzioni indicate da papa Francesco, anche grazie alla presenza di\u00a0 quei professionisti qualificati e autentici educatori che sono gli insegnanti di IRC, a cui vogliamo\u00a0 esprimere sincera gratitudine.<\/p>\n<p>Con questi pensieri e sentimenti, dunque, vi rinnoviamo l\u2019invito ad\u00a0 avvalervi\u00a0 dell\u2019Insegnamento\u00a0 della\u00a0 religione\u00a0 cattolica,\u00a0 per\u00a0 una\u00a0 scuola\u00a0 che\u00a0 guarda\u00a0 alla\u00a0 crescita\u00a0 integrale della persona e per una cultura generatrice di dialogo e di pace.<\/p>\n<p>&nbsp;<\/p>\n<p>&nbsp;<\/p>\n","protected":false},"excerpt":{"rendered":"<p>DALLA PARTE DELLA FORMAZIONE INTEGRALE Messaggio della Presidenza della Conferenza Episcopale Italiana in vista della scelta di avvalersi dell\u2019Insegnamento della religione cattolica nell\u2019anno scolastico 2023\/24\u00a0 &nbsp; Cari studenti e cari genitori,\u00a0\u00a0 nei\u00a0 prossimi\u00a0 giorni,\u00a0 procedendo\u00a0 all\u2019iscrizione\u00a0 al\u00a0 primo\u00a0 anno\u00a0 dei\u00a0 diversi\u00a0 ordini\u00a0 e\u00a0 gradi\u00a0 di\u00a0 scuola,\u00a0 sarete chiamati a scegliere se avvalervi dell\u2019Insegnamento della religione cattolica (IRC). Si tratta\u00a0 di\u00a0 una\u00a0 scelta\u00a0 importante,\u00a0 che\u00a0 vi\u00a0 &hellip; <a href=\"https:\/\/www.arcidiocesitrani.it\/irc\/dalla-parte-della-formazione-integrale-messaggio-della-presidenza-della-conferenza-episcopale-italiana-in-vista-della-scelta-di-avvalersi-dellinsegnamento-della-religione-cattolica-nell\/\" class=\"more-link\">Continua a leggere <span class=\"screen-reader-text\"><\/span> <span class=\"meta-nav\">&raquo;<\/span><\/a><\/p>\n","protected":false},"author":10,"featured_media":572,"comment_status":"closed","ping_status":"closed","sticky":false,"template":"","format":"standard","meta":{"_acf_changed":false,"ip_address":"","user_agent":"","level":"","revision":"","cookie_id":"","page_referer":"","html_form":"","footnotes":""},"categories":[4],"tags":[],"acf":[],"_links":{"self":[{"href":"https:\/\/www.arcidiocesitrani.it\/irc\/wp-json\/wp\/v2\/posts\/570"}],"collection":[{"href":"https:\/\/www.arcidiocesitrani.it\/irc\/wp-json\/wp\/v2\/posts"}],"about":[{"href":"https:\/\/www.arcidiocesitrani.it\/irc\/wp-json\/wp\/v2\/types\/post"}],"author":[{"embeddable":true,"href":"https:\/\/www.arcidiocesitrani.it\/irc\/wp-json\/wp\/v2\/users\/10"}],"replies":[{"embeddable":true,"href":"https:\/\/www.arcidiocesitrani.it\/irc\/wp-json\/wp\/v2\/comments?post=570"}],"version-history":[{"count":1,"href":"https:\/\/www.arcidiocesitrani.it\/irc\/wp-json\/wp\/v2\/posts\/570\/revisions"}],"predecessor-version":[{"id":573,"href":"https:\/\/www.arcidiocesitrani.it\/irc\/wp-json\/wp\/v2\/posts\/570\/revisions\/573"}],"wp:featuredmedia":[{"embeddable":true,"href":"https:\/\/www.arcidiocesitrani.it\/irc\/wp-json\/wp\/v2\/media\/572"}],"wp:attachment":[{"href":"https:\/\/www.arcidiocesitrani.it\/irc\/wp-json\/wp\/v2\/media?parent=570"}],"wp:term":[{"taxonomy":"category","embeddable":true,"href":"https:\/\/www.arcidiocesitrani.it\/irc\/wp-json\/wp\/v2\/categories?post=570"},{"taxonomy":"post_tag","embeddable":true,"href":"https:\/\/www.arcidiocesitrani.it\/irc\/wp-json\/wp\/v2\/tags?post=570"}],"curies":[{"name":"wp","href":"https:\/\/api.w.org\/{rel}","templated":true}]}}