{"id":572,"date":"2025-01-24T10:27:04","date_gmt":"2025-01-24T09:27:04","guid":{"rendered":"https:\/\/www.arcidiocesitrani.it\/vocazioni\/?p=572"},"modified":"2025-01-24T10:31:48","modified_gmt":"2025-01-24T09:31:48","slug":"cosa-fate-di-straordinario","status":"publish","type":"post","link":"https:\/\/www.arcidiocesitrani.it\/vocazioni\/cosa-fate-di-straordinario\/","title":{"rendered":"Cosa fate di straordinario?"},"content":{"rendered":"<p><strong>Cosa fate di straordinario? Formazione per i Ministri Straordinari della Comunione<\/strong><\/p>\n<p>Prende il via il percorso di formazione permanente per i Ministri Straordinari della Comunione, promosso dal Centro Diocesano per i Ministeri Istituiti e il Diaconato Permanente. Un&#8217;iniziativa che si articola in cinque appuntamenti in diverse localit\u00e0 della diocesi, con l\u2019obiettivo di offrire momenti di crescita spirituale, approfondimento e condivisione per coloro che si dedicano a questo prezioso servizio ecclesiale.<\/p>\n<p>Gli incontri, tutti programmati dalle ore 19:00 alle 20:15, si svolgeranno secondo il seguente calendario:<\/p>\n<ul>\n<li><strong>12-14 febbraio<\/strong> a Trani, presso la parrocchia Spirito Santo;<\/li>\n<li><strong>25-26 febbraio<\/strong> nella Forania, presso la parrocchia San Ferdinando Re;<\/li>\n<li><strong>10-11 marzo<\/strong> a Bisceglie, nel Seminario Diocesano;<\/li>\n<li><strong>18-19 marzo<\/strong> a Corato, presso il Cenacolo Vivere In;<\/li>\n<li><strong>1-2 aprile<\/strong> a Barletta, nella parrocchia San Giovanni Apostolo.<\/li>\n<\/ul>\n<p>La proposta, dal titolo suggestivo \u201cCosa fate di straordinario?\u201d, invita i partecipanti a riflettere sul senso profondo del ministero, con uno sguardo attento sia alla dimensione liturgica che al servizio verso i fratelli pi\u00f9 fragili. Ciascun Ministro prender\u00e0 parte agli incontri della propria citt\u00e0 di appartenenza, favorendo cos\u00ec una maggiore partecipazione comunitaria.<\/p>\n<p>Questi momenti di formazione rappresentano non solo un\u2019occasione per rinnovare il proprio impegno ecclesiale, ma anche un\u2019opportunit\u00e0 per vivere pi\u00f9 intensamente la missione di portare il Corpo di Cristo a chi ne ha pi\u00f9 bisogno, testimoniando il volto accogliente della Chiesa.<\/p>\n<p><span style=\"color: #ff0000\"><strong>I ministri parteciperanno ai soli incontri della citt\u00e0 di appartenenza<\/strong><\/span><\/p>\n<hr class=\"wpba_attachment_hr\">","protected":false},"excerpt":{"rendered":"<p>Cosa fate di straordinario? Formazione per i Ministri Straordinari della Comunione Prende il via il percorso di formazione permanente per i Ministri Straordinari della Comunione, promosso dal Centro Diocesano per i Ministeri Istituiti e il Diaconato Permanente. Un&#8217;iniziativa che si articola in cinque appuntamenti in diverse localit\u00e0 della diocesi, con l\u2019obiettivo di offrire momenti di crescita spirituale, approfondimento e condivisione per coloro che si dedicano &hellip; <a href=\"https:\/\/www.arcidiocesitrani.it\/vocazioni\/cosa-fate-di-straordinario\/\" class=\"more-link\">Continua a leggere <span class=\"screen-reader-text\"><\/span> <span class=\"meta-nav\">&raquo;<\/span><\/a><\/p>\n","protected":false},"author":9,"featured_media":573,"comment_status":"closed","ping_status":"closed","sticky":false,"template":"","format":"standard","meta":{"_acf_changed":false,"ip_address":"","user_agent":"","level":"","revision":"","cookie_id":"","page_referer":"","html_form":"","footnotes":""},"categories":[13,19],"tags":[],"acf":[],"_links":{"self":[{"href":"https:\/\/www.arcidiocesitrani.it\/vocazioni\/wp-json\/wp\/v2\/posts\/572"}],"collection":[{"href":"https:\/\/www.arcidiocesitrani.it\/vocazioni\/wp-json\/wp\/v2\/posts"}],"about":[{"href":"https:\/\/www.arcidiocesitrani.it\/vocazioni\/wp-json\/wp\/v2\/types\/post"}],"author":[{"embeddable":true,"href":"https:\/\/www.arcidiocesitrani.it\/vocazioni\/wp-json\/wp\/v2\/users\/9"}],"replies":[{"embeddable":true,"href":"https:\/\/www.arcidiocesitrani.it\/vocazioni\/wp-json\/wp\/v2\/comments?post=572"}],"version-history":[{"count":1,"href":"https:\/\/www.arcidiocesitrani.it\/vocazioni\/wp-json\/wp\/v2\/posts\/572\/revisions"}],"predecessor-version":[{"id":574,"href":"https:\/\/www.arcidiocesitrani.it\/vocazioni\/wp-json\/wp\/v2\/posts\/572\/revisions\/574"}],"wp:featuredmedia":[{"embeddable":true,"href":"https:\/\/www.arcidiocesitrani.it\/vocazioni\/wp-json\/wp\/v2\/media\/573"}],"wp:attachment":[{"href":"https:\/\/www.arcidiocesitrani.it\/vocazioni\/wp-json\/wp\/v2\/media?parent=572"}],"wp:term":[{"taxonomy":"category","embeddable":true,"href":"https:\/\/www.arcidiocesitrani.it\/vocazioni\/wp-json\/wp\/v2\/categories?post=572"},{"taxonomy":"post_tag","embeddable":true,"href":"https:\/\/www.arcidiocesitrani.it\/vocazioni\/wp-json\/wp\/v2\/tags?post=572"}],"curies":[{"name":"wp","href":"https:\/\/api.w.org\/{rel}","templated":true}]}}